{"id":1673,"date":"2026-04-06T09:47:11","date_gmt":"2026-04-06T07:47:11","guid":{"rendered":"https:\/\/swisswhoswho.ch\/?p=1673"},"modified":"2026-04-07T13:04:30","modified_gmt":"2026-04-07T11:04:30","slug":"major-interview-susanne-ruoff","status":"publish","type":"post","link":"https:\/\/swisswhoswho.ch\/en\/interviews\/major-interviews-the-big-conversations\/major-interview-susanne-ruoff\/","title":{"rendered":"Major Interview - Susanne Ruoff"},"content":{"rendered":"<div data-elementor-type=\"wp-post\" data-elementor-id=\"1673\" class=\"elementor elementor-1673\" data-elementor-post-type=\"post\">\n\t\t\t\t<div class=\"elementor-element elementor-element-e4417e3 e-flex e-con-boxed e-con e-parent\" data-id=\"e4417e3\" data-element_type=\"container\" data-e-type=\"container\">\n\t\t\t\t\t<div class=\"e-con-inner\">\n\t\t<div class=\"elementor-element elementor-element-15220d9 e-con-full e-flex e-con e-child\" data-id=\"15220d9\" data-element_type=\"container\" data-e-type=\"container\">\n\t\t\t\t<div class=\"elementor-element elementor-element-fc3e4fa elementor-widget__width-initial elementor-widget elementor-widget-heading\" data-id=\"fc3e4fa\" data-element_type=\"widget\" data-e-type=\"widget\" data-widget_type=\"heading.default\">\n\t\t\t\t\t<h2 class=\"elementor-heading-title elementor-size-default\">1<\/h2>\t\t\t\t<\/div>\n\t\t<div class=\"elementor-element elementor-element-01034c4 e-con-full e-flex e-con e-child\" data-id=\"01034c4\" data-element_type=\"container\" data-e-type=\"container\">\n\t\t\t\t<div class=\"elementor-element elementor-element-10851c0 elementor-widget elementor-widget-heading\" data-id=\"10851c0\" data-element_type=\"widget\" data-e-type=\"widget\" data-widget_type=\"heading.default\">\n\t\t\t\t\t<h4 class=\"elementor-heading-title elementor-size-default\">How do you define the role of a leader in a world where artificial intelligence is rapidly transforming businesses and organisations?<\/h4>\t\t\t\t<\/div>\n\t\t\t\t<\/div>\n\t\t\t\t<\/div>\n\t\t\t\t<div class=\"elementor-element elementor-element-02b1afc elementor-widget elementor-widget-text-editor\" data-id=\"02b1afc\" data-element_type=\"widget\" data-e-type=\"widget\" data-widget_type=\"text-editor.default\">\n\t\t\t\t\t\t\t\t\t<p>A leader in the age of artificial intelligence must be able to adapt his or her skills quickly and intelligently. Even in times of uncertainty and complex situations, he must guide his team with a clear vision while creating an environment based on trust.<\/p><p>With data and analysis now available \u00abat your fingertips\u00bb, leadership is evolving more towards a role of strategic guidance and direction, combined with the ability to make sense of things and take decisions.<\/p>\t\t\t\t\t\t\t\t<\/div>\n\t\t\t\t\t<\/div>\n\t\t\t\t<\/div>\n\t\t<div class=\"elementor-element elementor-element-eb436b8 e-flex e-con-boxed e-con e-parent\" data-id=\"eb436b8\" data-element_type=\"container\" data-e-type=\"container\">\n\t\t\t\t\t<div class=\"e-con-inner\">\n\t\t<div class=\"elementor-element elementor-element-dfbc09b e-con-full e-flex e-con e-child\" data-id=\"dfbc09b\" data-element_type=\"container\" data-e-type=\"container\">\n\t\t\t\t<div class=\"elementor-element elementor-element-91ea054 elementor-widget__width-initial elementor-widget elementor-widget-heading\" data-id=\"91ea054\" data-element_type=\"widget\" data-e-type=\"widget\" data-widget_type=\"heading.default\">\n\t\t\t\t\t<h2 class=\"elementor-heading-title elementor-size-default\">2<\/h2>\t\t\t\t<\/div>\n\t\t<div class=\"elementor-element elementor-element-f7472b7 e-con-full e-flex e-con e-child\" data-id=\"f7472b7\" data-element_type=\"container\" data-e-type=\"container\">\n\t\t\t\t<div class=\"elementor-element elementor-element-cf0e515 elementor-widget elementor-widget-heading\" data-id=\"cf0e515\" data-element_type=\"widget\" data-e-type=\"widget\" data-widget_type=\"heading.default\">\n\t\t\t\t\t<h4 class=\"elementor-heading-title elementor-size-default\">Which human and emotional skills are becoming the most important for leaders in the age of AI?<\/h4>\t\t\t\t<\/div>\n\t\t\t\t<\/div>\n\t\t\t\t<\/div>\n\t\t\t\t<div class=\"elementor-element elementor-element-47f9527 elementor-widget elementor-widget-text-editor\" data-id=\"47f9527\" data-element_type=\"widget\" data-e-type=\"widget\" data-widget_type=\"text-editor.default\">\n\t\t\t\t\t\t\t\t\t<p>In the past, leadership was strongly linked to experience: leaders had often been in many situations before and had more information - and information meant power.<\/p><p>Today, many employees have access to the same information. So it's becoming even more important to know how to interpret it, use it responsibly and make decisions collectively.<\/p><p>For me, the most essential skills are judgement and critical thinking - especially in uncertain situations where there are no obvious answers.<\/p><p>Empathy towards people also remains decisive, as does the ability to take decisions while integrating ethical considerations and understanding the human impact. Building trust within teams with diverse perspectives is fundamental for me.<\/p>\t\t\t\t\t\t\t\t<\/div>\n\t\t\t\t\t<\/div>\n\t\t\t\t<\/div>\n\t\t<div class=\"elementor-element elementor-element-bb20999 e-flex e-con-boxed e-con e-parent\" data-id=\"bb20999\" data-element_type=\"container\" data-e-type=\"container\">\n\t\t\t\t\t<div class=\"e-con-inner\">\n\t\t<div class=\"elementor-element elementor-element-7b64be3 e-con-full e-flex e-con e-child\" data-id=\"7b64be3\" data-element_type=\"container\" data-e-type=\"container\">\n\t\t\t\t<div class=\"elementor-element elementor-element-853efc8 elementor-widget__width-initial elementor-widget elementor-widget-heading\" data-id=\"853efc8\" data-element_type=\"widget\" data-e-type=\"widget\" data-widget_type=\"heading.default\">\n\t\t\t\t\t<h2 class=\"elementor-heading-title elementor-size-default\">3<\/h2>\t\t\t\t<\/div>\n\t\t<div class=\"elementor-element elementor-element-ec38aa2 e-con-full e-flex e-con e-child\" data-id=\"ec38aa2\" data-element_type=\"container\" data-e-type=\"container\">\n\t\t\t\t<div class=\"elementor-element elementor-element-47b85e5 elementor-widget elementor-widget-heading\" data-id=\"47b85e5\" data-element_type=\"widget\" data-e-type=\"widget\" data-widget_type=\"heading.default\">\n\t\t\t\t\t<h4 class=\"elementor-heading-title elementor-size-default\">You led the major digital transformation of Swiss Post. How can a leader encourage the adoption of AI while maintaining the trust and commitment of teams?<\/h4>\t\t\t\t<\/div>\n\t\t\t\t<\/div>\n\t\t\t\t<\/div>\n\t\t\t\t<div class=\"elementor-element elementor-element-c02271e elementor-widget elementor-widget-text-editor\" data-id=\"c02271e\" data-element_type=\"widget\" data-e-type=\"widget\" data-widget_type=\"text-editor.default\">\n\t\t\t\t\t\t\t\t\t<p>The digital transformation at Swiss Post required much more than the introduction of new tools and processes. Above all, it meant supporting employees in the face of the uncertainty associated with change.<\/p><p>Emotions play an important role. Employees may wonder whether they will be able to keep up with the pace, whether they will be able to acquire the new skills they need, or even fear for their jobs.<\/p><p>These reactions are human. It is essential to discuss them openly, as this creates a climate of psychological security and builds trust.<\/p><p>In my experience, it was particularly important to explain the \u00abwhy\u00bb. It was essential to communicate why digital transformation was necessary.<\/p><p>It was also important to show the benefits for the company, its customers and its employees.<\/p><p>For me, it was also crucial to stay close to the teams. So we organised weekly events for employees across Switzerland to explain what we were doing, why we were doing it and how we were doing it.<\/p><p>It was also essential to actively involve employees in the change process.<\/p><p>A good example was the choice and introduction of new connected portable devices. A group of experts made up of postmen and women were able to test and evaluate these devices, becoming an integral part of the solution.<\/p><p>When people understand the meaning and purpose of a change, fear diminishes - it doesn't disappear completely, but it becomes more bearable. That's why ongoing communication is essential.<\/p>\t\t\t\t\t\t\t\t<\/div>\n\t\t\t\t\t<\/div>\n\t\t\t\t<\/div>\n\t\t<div class=\"elementor-element elementor-element-2002d29 e-flex e-con-boxed e-con e-parent\" data-id=\"2002d29\" data-element_type=\"container\" data-e-type=\"container\">\n\t\t\t\t\t<div class=\"e-con-inner\">\n\t\t<div class=\"elementor-element elementor-element-64d688f e-con-full e-flex e-con e-child\" data-id=\"64d688f\" data-element_type=\"container\" data-e-type=\"container\">\n\t\t\t\t<div class=\"elementor-element elementor-element-25c4fec elementor-widget__width-initial elementor-widget elementor-widget-heading\" data-id=\"25c4fec\" data-element_type=\"widget\" data-e-type=\"widget\" data-widget_type=\"heading.default\">\n\t\t\t\t\t<h2 class=\"elementor-heading-title elementor-size-default\">4<\/h2>\t\t\t\t<\/div>\n\t\t<div class=\"elementor-element elementor-element-d1af6d2 e-con-full e-flex e-con e-child\" data-id=\"d1af6d2\" data-element_type=\"container\" data-e-type=\"container\">\n\t\t\t\t<div class=\"elementor-element elementor-element-2ac881b elementor-widget elementor-widget-heading\" data-id=\"2ac881b\" data-element_type=\"widget\" data-e-type=\"widget\" data-widget_type=\"heading.default\">\n\t\t\t\t\t<h4 class=\"elementor-heading-title elementor-size-default\">In your opinion, what decisions must absolutely remain human despite the advances in automation?<\/h4>\t\t\t\t<\/div>\n\t\t\t\t<\/div>\n\t\t\t\t<\/div>\n\t\t\t\t<div class=\"elementor-element elementor-element-07608a2 elementor-widget elementor-widget-text-editor\" data-id=\"07608a2\" data-element_type=\"widget\" data-e-type=\"widget\" data-widget_type=\"text-editor.default\">\n\t\t\t\t\t\t\t\t\t<p>In the age of AI, the question is not what humans can still do, but rather what only humans can do.<\/p><p>Leaders have to make decisions in the face of a great deal of uncertainty and complexity. To do this, they must use their judgement and critically evaluate all available data and information.<\/p><p>AI can provide answers and analysis in seconds. But judgement, ethical responsibility, trust and understanding of human consequences remain profoundly human skills.<\/p>\t\t\t\t\t\t\t\t<\/div>\n\t\t\t\t\t<\/div>\n\t\t\t\t<\/div>\n\t\t<div class=\"elementor-element elementor-element-9302aff e-flex e-con-boxed e-con e-parent\" data-id=\"9302aff\" data-element_type=\"container\" data-e-type=\"container\">\n\t\t\t\t\t<div class=\"e-con-inner\">\n\t\t<div class=\"elementor-element elementor-element-592651d e-con-full e-flex e-con e-child\" data-id=\"592651d\" data-element_type=\"container\" data-e-type=\"container\">\n\t\t\t\t<div class=\"elementor-element elementor-element-39398fe elementor-widget__width-initial elementor-widget elementor-widget-heading\" data-id=\"39398fe\" data-element_type=\"widget\" data-e-type=\"widget\" data-widget_type=\"heading.default\">\n\t\t\t\t\t<h2 class=\"elementor-heading-title elementor-size-default\">5<\/h2>\t\t\t\t<\/div>\n\t\t<div class=\"elementor-element elementor-element-4b394e5 e-con-full e-flex e-con e-child\" data-id=\"4b394e5\" data-element_type=\"container\" data-e-type=\"container\">\n\t\t\t\t<div class=\"elementor-element elementor-element-cf580d7 elementor-widget elementor-widget-heading\" data-id=\"cf580d7\" data-element_type=\"widget\" data-e-type=\"widget\" data-widget_type=\"heading.default\">\n\t\t\t\t\t<h4 class=\"elementor-heading-title elementor-size-default\">How can leaders manage the ethical issues linked to the use of artificial intelligence in their organisation?<\/h4>\t\t\t\t<\/div>\n\t\t\t\t<\/div>\n\t\t\t\t<\/div>\n\t\t\t\t<div class=\"elementor-element elementor-element-9a1cc97 elementor-widget elementor-widget-text-editor\" data-id=\"9a1cc97\" data-element_type=\"widget\" data-e-type=\"widget\" data-widget_type=\"text-editor.default\">\n\t\t\t\t\t\t\t\t\t<p>The highest governing body of a company - the board of directors and the executive team - must define clear ethical guidelines for the use of AI and ensure that transparency and human control are maintained.<\/p><p>It is also essential to regularly check for possible bias or discrimination in the algorithms and to train employees to critically question the results produced by AI.<\/p><p>It is essential to have a code of ethics, backed up by specific guidelines on the use of AI.<\/p><p>The international guidelines of the OECD (Principles on AI) and those of the European Commission (Ethics Guidelines for Trustworthy AI) may also be useful.<\/p>\t\t\t\t\t\t\t\t<\/div>\n\t\t\t\t\t<\/div>\n\t\t\t\t<\/div>\n\t\t<div class=\"elementor-element elementor-element-dedc008 e-flex e-con-boxed e-con e-parent\" data-id=\"dedc008\" data-element_type=\"container\" data-e-type=\"container\">\n\t\t\t\t\t<div class=\"e-con-inner\">\n\t\t<div class=\"elementor-element elementor-element-501d217 e-con-full e-flex e-con e-child\" data-id=\"501d217\" data-element_type=\"container\" data-e-type=\"container\">\n\t\t\t\t<div class=\"elementor-element elementor-element-4486d59 elementor-widget__width-initial elementor-widget elementor-widget-heading\" data-id=\"4486d59\" data-element_type=\"widget\" data-e-type=\"widget\" data-widget_type=\"heading.default\">\n\t\t\t\t\t<h2 class=\"elementor-heading-title elementor-size-default\">6<\/h2>\t\t\t\t<\/div>\n\t\t<div class=\"elementor-element elementor-element-2c32b27 e-con-full e-flex e-con e-child\" data-id=\"2c32b27\" data-element_type=\"container\" data-e-type=\"container\">\n\t\t\t\t<div class=\"elementor-element elementor-element-e08cd71 elementor-widget elementor-widget-heading\" data-id=\"e08cd71\" data-element_type=\"widget\" data-e-type=\"widget\" data-widget_type=\"heading.default\">\n\t\t\t\t\t<h4 class=\"elementor-heading-title elementor-size-default\">In a world of constant transformation, what do you think defines an inspirational leader?<\/h4>\t\t\t\t<\/div>\n\t\t\t\t<\/div>\n\t\t\t\t<\/div>\n\t\t\t\t<div class=\"elementor-element elementor-element-37836e3 elementor-widget elementor-widget-text-editor\" data-id=\"37836e3\" data-element_type=\"widget\" data-e-type=\"widget\" data-widget_type=\"text-editor.default\">\n\t\t\t\t\t\t\t\t\t<p>An inspirational leader provides direction, especially in times of uncertainty and change. He or she brings together diverse perspectives, builds strong teams and creates an environment in which trust, empathy and innovation can flourish.<\/p><p>This is how we create the conditions needed to actively shape change and explore new avenues.<\/p>\t\t\t\t\t\t\t\t<\/div>\n\t\t\t\t\t<\/div>\n\t\t\t\t<\/div>\n\t\t\t\t<\/div>","protected":false},"excerpt":{"rendered":"<p>1 How do you define the role of a leader in a world where artificial intelligence is rapidly transforming businesses and organisations? A leader in the age of artificial intelligence must be able to adapt his skills quickly and intelligently. Even in times of uncertainty and complex situations, they need to guide their team with a clear vision [...].<\/p>","protected":false},"author":1,"featured_media":1678,"comment_status":"closed","ping_status":"closed","sticky":false,"template":"elementor_theme","format":"standard","meta":{"_acf_changed":false,"pmpro_default_level":"","footnotes":""},"categories":[28],"tags":[33],"class_list":["post-1673","post","type-post","status-publish","format-standard","has-post-thumbnail","hentry","category-major-interviews-les-grandes-conversations","tag-a-la-une","pmpro-has-access"],"acf":[],"yoast_head":"<!-- This site is optimized with the Yoast SEO plugin v26.8 - https:\/\/yoast.com\/product\/yoast-seo-wordpress\/ -->\n<title>Major Interview - Susanne Ruoff - Swiss Who&#039;s Who<\/title>\n<meta name=\"description\" content=\"Susanne Ruoff explique pourquoi le jugement, l\u2019esprit critique et l\u2019\u00e9thique sont devenus essentiels pour les leaders face \u00e0 l\u2019IA.\" \/>\n<meta name=\"robots\" content=\"index, follow, max-snippet:-1, max-image-preview:large, max-video-preview:-1\" \/>\n<link rel=\"canonical\" href=\"https:\/\/swisswhoswho.ch\/en\/interviews\/major-interviews-the-big-conversations\/major-interview-susanne-ruoff\/\" \/>\n<meta property=\"og:locale\" content=\"en_GB\" \/>\n<meta property=\"og:type\" content=\"article\" \/>\n<meta property=\"og:title\" content=\"Major Interview - Susanne Ruoff - Swiss Who&#039;s Who\" \/>\n<meta property=\"og:description\" content=\"Susanne Ruoff explique pourquoi le jugement, l\u2019esprit critique et l\u2019\u00e9thique sont devenus essentiels pour les leaders face \u00e0 l\u2019IA.\" \/>\n<meta property=\"og:url\" content=\"https:\/\/swisswhoswho.ch\/en\/interviews\/major-interviews-the-big-conversations\/major-interview-susanne-ruoff\/\" \/>\n<meta property=\"og:site_name\" content=\"Swiss Who&#039;s Who\" \/>\n<meta property=\"article:published_time\" content=\"2026-04-06T07:47:11+00:00\" \/>\n<meta property=\"article:modified_time\" content=\"2026-04-07T11:04:30+00:00\" \/>\n<meta property=\"og:image\" content=\"https:\/\/swisswhoswho.ch\/wp-content\/uploads\/2026\/04\/SUSANNE_RUOFF-vignette-interview-swisswhoswho.webp\" \/>\n\t<meta property=\"og:image:width\" content=\"381\" \/>\n\t<meta property=\"og:image:height\" content=\"283\" \/>\n\t<meta property=\"og:image:type\" content=\"image\/webp\" \/>\n<meta name=\"author\" content=\"H\u00e9din J\u00e9r\u00e9my\" \/>\n<meta name=\"twitter:card\" content=\"summary_large_image\" \/>\n<meta name=\"twitter:label1\" content=\"Written by\" \/>\n\t<meta name=\"twitter:data1\" content=\"H\u00e9din J\u00e9r\u00e9my\" \/>\n\t<meta name=\"twitter:label2\" content=\"Estimated reading time\" \/>\n\t<meta name=\"twitter:data2\" content=\"5 minutes\" \/>\n<script type=\"application\/ld+json\" class=\"yoast-schema-graph\">{\"@context\":\"https:\/\/schema.org\",\"@graph\":[{\"@type\":\"Article\",\"@id\":\"https:\/\/swisswhoswho.ch\/interviews\/major-interviews-les-grandes-conversations\/major-interview-susanne-ruoff\/#article\",\"isPartOf\":{\"@id\":\"https:\/\/swisswhoswho.ch\/interviews\/major-interviews-les-grandes-conversations\/major-interview-susanne-ruoff\/\"},\"author\":{\"name\":\"H\u00e9din J\u00e9r\u00e9my\",\"@id\":\"https:\/\/swisswhoswho.ch\/#\/schema\/person\/a46bd25d558bfb1afce78e6d76be26e2\"},\"headline\":\"Major Interview &#8211; Susanne Ruoff\",\"datePublished\":\"2026-04-06T07:47:11+00:00\",\"dateModified\":\"2026-04-07T11:04:30+00:00\",\"mainEntityOfPage\":{\"@id\":\"https:\/\/swisswhoswho.ch\/interviews\/major-interviews-les-grandes-conversations\/major-interview-susanne-ruoff\/\"},\"wordCount\":949,\"publisher\":{\"@id\":\"https:\/\/swisswhoswho.ch\/#organization\"},\"image\":{\"@id\":\"https:\/\/swisswhoswho.ch\/interviews\/major-interviews-les-grandes-conversations\/major-interview-susanne-ruoff\/#primaryimage\"},\"thumbnailUrl\":\"https:\/\/swisswhoswho.ch\/wp-content\/uploads\/2026\/04\/SUSANNE_RUOFF-vignette-interview-swisswhoswho.webp\",\"keywords\":[\"\u00c0 la une\"],\"articleSection\":[\"Major Interviews \u2013 Les grandes conversations\"],\"inLanguage\":\"en-GB\"},{\"@type\":\"WebPage\",\"@id\":\"https:\/\/swisswhoswho.ch\/interviews\/major-interviews-les-grandes-conversations\/major-interview-susanne-ruoff\/\",\"url\":\"https:\/\/swisswhoswho.ch\/interviews\/major-interviews-les-grandes-conversations\/major-interview-susanne-ruoff\/\",\"name\":\"Major Interview - Susanne Ruoff - Swiss Who&#039;s Who\",\"isPartOf\":{\"@id\":\"https:\/\/swisswhoswho.ch\/#website\"},\"primaryImageOfPage\":{\"@id\":\"https:\/\/swisswhoswho.ch\/interviews\/major-interviews-les-grandes-conversations\/major-interview-susanne-ruoff\/#primaryimage\"},\"image\":{\"@id\":\"https:\/\/swisswhoswho.ch\/interviews\/major-interviews-les-grandes-conversations\/major-interview-susanne-ruoff\/#primaryimage\"},\"thumbnailUrl\":\"https:\/\/swisswhoswho.ch\/wp-content\/uploads\/2026\/04\/SUSANNE_RUOFF-vignette-interview-swisswhoswho.webp\",\"datePublished\":\"2026-04-06T07:47:11+00:00\",\"dateModified\":\"2026-04-07T11:04:30+00:00\",\"description\":\"Susanne Ruoff explique pourquoi le jugement, l\u2019esprit critique et l\u2019\u00e9thique sont devenus essentiels pour les leaders face \u00e0 l\u2019IA.\",\"breadcrumb\":{\"@id\":\"https:\/\/swisswhoswho.ch\/interviews\/major-interviews-les-grandes-conversations\/major-interview-susanne-ruoff\/#breadcrumb\"},\"inLanguage\":\"en-GB\",\"potentialAction\":[{\"@type\":\"ReadAction\",\"target\":[\"https:\/\/swisswhoswho.ch\/interviews\/major-interviews-les-grandes-conversations\/major-interview-susanne-ruoff\/\"]}]},{\"@type\":\"ImageObject\",\"inLanguage\":\"en-GB\",\"@id\":\"https:\/\/swisswhoswho.ch\/interviews\/major-interviews-les-grandes-conversations\/major-interview-susanne-ruoff\/#primaryimage\",\"url\":\"https:\/\/swisswhoswho.ch\/wp-content\/uploads\/2026\/04\/SUSANNE_RUOFF-vignette-interview-swisswhoswho.webp\",\"contentUrl\":\"https:\/\/swisswhoswho.ch\/wp-content\/uploads\/2026\/04\/SUSANNE_RUOFF-vignette-interview-swisswhoswho.webp\",\"width\":381,\"height\":283},{\"@type\":\"BreadcrumbList\",\"@id\":\"https:\/\/swisswhoswho.ch\/interviews\/major-interviews-les-grandes-conversations\/major-interview-susanne-ruoff\/#breadcrumb\",\"itemListElement\":[{\"@type\":\"ListItem\",\"position\":1,\"name\":\"Accueil\",\"item\":\"https:\/\/swisswhoswho.ch\/\"},{\"@type\":\"ListItem\",\"position\":2,\"name\":\"Major Interview &#8211; Susanne Ruoff\"}]},{\"@type\":\"WebSite\",\"@id\":\"https:\/\/swisswhoswho.ch\/#website\",\"url\":\"https:\/\/swisswhoswho.ch\/\",\"name\":\"Swiss Who's Who\",\"description\":\"\",\"publisher\":{\"@id\":\"https:\/\/swisswhoswho.ch\/#organization\"},\"potentialAction\":[{\"@type\":\"SearchAction\",\"target\":{\"@type\":\"EntryPoint\",\"urlTemplate\":\"https:\/\/swisswhoswho.ch\/?s={search_term_string}\"},\"query-input\":{\"@type\":\"PropertyValueSpecification\",\"valueRequired\":true,\"valueName\":\"search_term_string\"}}],\"inLanguage\":\"en-GB\"},{\"@type\":\"Organization\",\"@id\":\"https:\/\/swisswhoswho.ch\/#organization\",\"name\":\"Swiss Who's Who\",\"url\":\"https:\/\/swisswhoswho.ch\/\",\"logo\":{\"@type\":\"ImageObject\",\"inLanguage\":\"en-GB\",\"@id\":\"https:\/\/swisswhoswho.ch\/#\/schema\/logo\/image\/\",\"url\":\"https:\/\/swisswhoswho.ch\/wp-content\/uploads\/2025\/11\/Logo-SWW.png\",\"contentUrl\":\"https:\/\/swisswhoswho.ch\/wp-content\/uploads\/2025\/11\/Logo-SWW.png\",\"width\":107,\"height\":62,\"caption\":\"Swiss Who's Who\"},\"image\":{\"@id\":\"https:\/\/swisswhoswho.ch\/#\/schema\/logo\/image\/\"}},{\"@type\":\"Person\",\"@id\":\"https:\/\/swisswhoswho.ch\/#\/schema\/person\/a46bd25d558bfb1afce78e6d76be26e2\",\"name\":\"H\u00e9din J\u00e9r\u00e9my\",\"sameAs\":[\"https:\/\/swisswhoswho.ch\"],\"url\":\"https:\/\/swisswhoswho.ch\/en\/author\/devsoo-oo-ch\/\"}]}<\/script>\n<!-- \/ Yoast SEO plugin. -->","yoast_head_json":{"title":"Major Interview - Susanne Ruoff - Swiss Who's Who","description":"Susanne Ruoff explains why judgement, critical thinking and ethics have become essential for leaders in the face of AI.","robots":{"index":"index","follow":"follow","max-snippet":"max-snippet:-1","max-image-preview":"max-image-preview:large","max-video-preview":"max-video-preview:-1"},"canonical":"https:\/\/swisswhoswho.ch\/en\/interviews\/major-interviews-the-big-conversations\/major-interview-susanne-ruoff\/","og_locale":"en_GB","og_type":"article","og_title":"Major Interview - Susanne Ruoff - Swiss Who&#039;s Who","og_description":"Susanne Ruoff explique pourquoi le jugement, l\u2019esprit critique et l\u2019\u00e9thique sont devenus essentiels pour les leaders face \u00e0 l\u2019IA.","og_url":"https:\/\/swisswhoswho.ch\/en\/interviews\/major-interviews-the-big-conversations\/major-interview-susanne-ruoff\/","og_site_name":"Swiss Who&#039;s Who","article_published_time":"2026-04-06T07:47:11+00:00","article_modified_time":"2026-04-07T11:04:30+00:00","og_image":[{"width":381,"height":283,"url":"https:\/\/swisswhoswho.ch\/wp-content\/uploads\/2026\/04\/SUSANNE_RUOFF-vignette-interview-swisswhoswho.webp","type":"image\/webp"}],"author":"H\u00e9din J\u00e9r\u00e9my","twitter_card":"summary_large_image","twitter_misc":{"Written by":"H\u00e9din J\u00e9r\u00e9my","Estimated reading time":"5 minutes"},"schema":{"@context":"https:\/\/schema.org","@graph":[{"@type":"Article","@id":"https:\/\/swisswhoswho.ch\/interviews\/major-interviews-les-grandes-conversations\/major-interview-susanne-ruoff\/#article","isPartOf":{"@id":"https:\/\/swisswhoswho.ch\/interviews\/major-interviews-les-grandes-conversations\/major-interview-susanne-ruoff\/"},"author":{"name":"H\u00e9din J\u00e9r\u00e9my","@id":"https:\/\/swisswhoswho.ch\/#\/schema\/person\/a46bd25d558bfb1afce78e6d76be26e2"},"headline":"Major Interview &#8211; Susanne Ruoff","datePublished":"2026-04-06T07:47:11+00:00","dateModified":"2026-04-07T11:04:30+00:00","mainEntityOfPage":{"@id":"https:\/\/swisswhoswho.ch\/interviews\/major-interviews-les-grandes-conversations\/major-interview-susanne-ruoff\/"},"wordCount":949,"publisher":{"@id":"https:\/\/swisswhoswho.ch\/#organization"},"image":{"@id":"https:\/\/swisswhoswho.ch\/interviews\/major-interviews-les-grandes-conversations\/major-interview-susanne-ruoff\/#primaryimage"},"thumbnailUrl":"https:\/\/swisswhoswho.ch\/wp-content\/uploads\/2026\/04\/SUSANNE_RUOFF-vignette-interview-swisswhoswho.webp","keywords":["\u00c0 la une"],"articleSection":["Major Interviews \u2013 Les grandes conversations"],"inLanguage":"en-GB"},{"@type":"WebPage","@id":"https:\/\/swisswhoswho.ch\/interviews\/major-interviews-les-grandes-conversations\/major-interview-susanne-ruoff\/","url":"https:\/\/swisswhoswho.ch\/interviews\/major-interviews-les-grandes-conversations\/major-interview-susanne-ruoff\/","name":"Major Interview - Susanne Ruoff - Swiss Who's Who","isPartOf":{"@id":"https:\/\/swisswhoswho.ch\/#website"},"primaryImageOfPage":{"@id":"https:\/\/swisswhoswho.ch\/interviews\/major-interviews-les-grandes-conversations\/major-interview-susanne-ruoff\/#primaryimage"},"image":{"@id":"https:\/\/swisswhoswho.ch\/interviews\/major-interviews-les-grandes-conversations\/major-interview-susanne-ruoff\/#primaryimage"},"thumbnailUrl":"https:\/\/swisswhoswho.ch\/wp-content\/uploads\/2026\/04\/SUSANNE_RUOFF-vignette-interview-swisswhoswho.webp","datePublished":"2026-04-06T07:47:11+00:00","dateModified":"2026-04-07T11:04:30+00:00","description":"Susanne Ruoff explains why judgement, critical thinking and ethics have become essential for leaders in the face of AI.","breadcrumb":{"@id":"https:\/\/swisswhoswho.ch\/interviews\/major-interviews-les-grandes-conversations\/major-interview-susanne-ruoff\/#breadcrumb"},"inLanguage":"en-GB","potentialAction":[{"@type":"ReadAction","target":["https:\/\/swisswhoswho.ch\/interviews\/major-interviews-les-grandes-conversations\/major-interview-susanne-ruoff\/"]}]},{"@type":"ImageObject","inLanguage":"en-GB","@id":"https:\/\/swisswhoswho.ch\/interviews\/major-interviews-les-grandes-conversations\/major-interview-susanne-ruoff\/#primaryimage","url":"https:\/\/swisswhoswho.ch\/wp-content\/uploads\/2026\/04\/SUSANNE_RUOFF-vignette-interview-swisswhoswho.webp","contentUrl":"https:\/\/swisswhoswho.ch\/wp-content\/uploads\/2026\/04\/SUSANNE_RUOFF-vignette-interview-swisswhoswho.webp","width":381,"height":283},{"@type":"BreadcrumbList","@id":"https:\/\/swisswhoswho.ch\/interviews\/major-interviews-les-grandes-conversations\/major-interview-susanne-ruoff\/#breadcrumb","itemListElement":[{"@type":"ListItem","position":1,"name":"Accueil","item":"https:\/\/swisswhoswho.ch\/"},{"@type":"ListItem","position":2,"name":"Major Interview &#8211; Susanne Ruoff"}]},{"@type":"WebSite","@id":"https:\/\/swisswhoswho.ch\/#website","url":"https:\/\/swisswhoswho.ch\/","name":"Swiss Who's Who","description":"","publisher":{"@id":"https:\/\/swisswhoswho.ch\/#organization"},"potentialAction":[{"@type":"SearchAction","target":{"@type":"EntryPoint","urlTemplate":"https:\/\/swisswhoswho.ch\/?s={search_term_string}"},"query-input":{"@type":"PropertyValueSpecification","valueRequired":true,"valueName":"search_term_string"}}],"inLanguage":"en-GB"},{"@type":"Organization","@id":"https:\/\/swisswhoswho.ch\/#organization","name":"Swiss Who's Who","url":"https:\/\/swisswhoswho.ch\/","logo":{"@type":"ImageObject","inLanguage":"en-GB","@id":"https:\/\/swisswhoswho.ch\/#\/schema\/logo\/image\/","url":"https:\/\/swisswhoswho.ch\/wp-content\/uploads\/2025\/11\/Logo-SWW.png","contentUrl":"https:\/\/swisswhoswho.ch\/wp-content\/uploads\/2025\/11\/Logo-SWW.png","width":107,"height":62,"caption":"Swiss Who's Who"},"image":{"@id":"https:\/\/swisswhoswho.ch\/#\/schema\/logo\/image\/"}},{"@type":"Person","@id":"https:\/\/swisswhoswho.ch\/#\/schema\/person\/a46bd25d558bfb1afce78e6d76be26e2","name":"H\u00e9din J\u00e9r\u00e9my","sameAs":["https:\/\/swisswhoswho.ch"],"url":"https:\/\/swisswhoswho.ch\/en\/author\/devsoo-oo-ch\/"}]}},"_links":{"self":[{"href":"https:\/\/swisswhoswho.ch\/en\/wp-json\/wp\/v2\/posts\/1673","targetHints":{"allow":["GET"]}}],"collection":[{"href":"https:\/\/swisswhoswho.ch\/en\/wp-json\/wp\/v2\/posts"}],"about":[{"href":"https:\/\/swisswhoswho.ch\/en\/wp-json\/wp\/v2\/types\/post"}],"author":[{"embeddable":true,"href":"https:\/\/swisswhoswho.ch\/en\/wp-json\/wp\/v2\/users\/1"}],"replies":[{"embeddable":true,"href":"https:\/\/swisswhoswho.ch\/en\/wp-json\/wp\/v2\/comments?post=1673"}],"version-history":[{"count":8,"href":"https:\/\/swisswhoswho.ch\/en\/wp-json\/wp\/v2\/posts\/1673\/revisions"}],"predecessor-version":[{"id":1684,"href":"https:\/\/swisswhoswho.ch\/en\/wp-json\/wp\/v2\/posts\/1673\/revisions\/1684"}],"wp:featuredmedia":[{"embeddable":true,"href":"https:\/\/swisswhoswho.ch\/en\/wp-json\/wp\/v2\/media\/1678"}],"wp:attachment":[{"href":"https:\/\/swisswhoswho.ch\/en\/wp-json\/wp\/v2\/media?parent=1673"}],"wp:term":[{"taxonomy":"category","embeddable":true,"href":"https:\/\/swisswhoswho.ch\/en\/wp-json\/wp\/v2\/categories?post=1673"},{"taxonomy":"post_tag","embeddable":true,"href":"https:\/\/swisswhoswho.ch\/en\/wp-json\/wp\/v2\/tags?post=1673"}],"curies":[{"name":"wp","href":"https:\/\/api.w.org\/{rel}","templated":true}]}}