{"id":1473,"date":"2025-12-12T17:19:00","date_gmt":"2025-12-12T16:19:00","guid":{"rendered":"https:\/\/swisswhoswho.ch\/?p=1473"},"modified":"2026-01-28T17:20:20","modified_gmt":"2026-01-28T16:20:20","slug":"premios-suizos-al-talento-2025-crans-montana","status":"publish","type":"post","link":"https:\/\/swisswhoswho.ch\/es\/eventos-2\/premios-suizos-al-talento-2025-crans-montana\/","title":{"rendered":"Premios Suizos al Talento 2025 - Crans-Montana"},"content":{"rendered":"<p>Qui\u00e9n es qui\u00e9n en Suiza reuni\u00f3 a <strong>Crans-Montana<\/strong> personalidades influyentes y talentos excepcionales en la <strong>Premios Suizos al Talento 2025<\/strong>, Una velada dedicada a la innovaci\u00f3n, la excelencia y las carreras que han marcado su \u00e9poca.<\/p>\n\n\n\n<p><\/p>","protected":false},"excerpt":{"rendered":"<p>Swiss Who's Who reuni\u00f3 en Crans-Montana a personalidades influyentes y talentos excepcionales en los Swiss Who's Who Talent Awards 2025, una velada dedicada a la innovaci\u00f3n, la excelencia y las trayectorias profesionales que est\u00e1n dejando huella.<\/p>","protected":false},"author":1,"featured_media":1476,"comment_status":"closed","ping_status":"closed","sticky":false,"template":"","format":"standard","meta":{"_acf_changed":false,"pmpro_default_level":"","footnotes":""},"categories":[21],"tags":[],"class_list":["post-1473","post","type-post","status-publish","format-standard","has-post-thumbnail","hentry","category-evenements","pmpro-has-access"],"acf":[],"yoast_head":"<!-- This site is optimized with the Yoast SEO plugin v26.8 - https:\/\/yoast.com\/product\/yoast-seo-wordpress\/ -->\n<title>Swiss Who\u2019s Who Talent Awards 2025 \u2013 Crans-Montana - Swiss Who&#039;s Who<\/title>\n<meta name=\"robots\" content=\"index, follow, max-snippet:-1, max-image-preview:large, max-video-preview:-1\" \/>\n<link rel=\"canonical\" href=\"https:\/\/swisswhoswho.ch\/es\/eventos-2\/premios-suizos-al-talento-2025-crans-montana\/\" \/>\n<meta property=\"og:locale\" content=\"es_ES\" \/>\n<meta property=\"og:type\" content=\"article\" \/>\n<meta property=\"og:title\" content=\"Swiss Who\u2019s Who Talent Awards 2025 \u2013 Crans-Montana - Swiss Who&#039;s Who\" \/>\n<meta property=\"og:description\" content=\"Swiss Who\u2019s Who a r\u00e9uni \u00e0 Crans-Montana des personnalit\u00e9s influentes et des talents d\u2019exception \u00e0 l\u2019occasion des Swiss Who\u2019s Who Talent Awards 2025, une soir\u00e9e d\u00e9di\u00e9e \u00e0 l\u2019innovation, \u00e0 l\u2019excellence et aux parcours qui marquent leur \u00e9poque.\" \/>\n<meta property=\"og:url\" content=\"https:\/\/swisswhoswho.ch\/es\/eventos-2\/premios-suizos-al-talento-2025-crans-montana\/\" \/>\n<meta property=\"og:site_name\" content=\"Swiss Who&#039;s Who\" \/>\n<meta property=\"article:published_time\" content=\"2025-12-12T16:19:00+00:00\" \/>\n<meta property=\"article:modified_time\" content=\"2026-01-28T16:20:20+00:00\" \/>\n<meta property=\"og:image\" content=\"https:\/\/swisswhoswho.ch\/wp-content\/uploads\/2026\/01\/Talent-Award-2025-banniere-sww.jpg\" \/>\n\t<meta property=\"og:image:width\" content=\"1920\" \/>\n\t<meta property=\"og:image:height\" content=\"1080\" \/>\n\t<meta property=\"og:image:type\" content=\"image\/jpeg\" \/>\n<meta name=\"author\" content=\"H\u00e9din J\u00e9r\u00e9my\" \/>\n<meta name=\"twitter:card\" content=\"summary_large_image\" \/>\n<meta name=\"twitter:label1\" content=\"Escrito por\" \/>\n\t<meta name=\"twitter:data1\" content=\"H\u00e9din J\u00e9r\u00e9my\" \/>\n\t<meta name=\"twitter:label2\" content=\"Tiempo de lectura\" \/>\n\t<meta name=\"twitter:data2\" content=\"1 minuto\" \/>\n<script type=\"application\/ld+json\" class=\"yoast-schema-graph\">{\"@context\":\"https:\/\/schema.org\",\"@graph\":[{\"@type\":\"Article\",\"@id\":\"https:\/\/swisswhoswho.ch\/evenements\/swiss-whos-who-talent-awards-2025-crans-montana\/#article\",\"isPartOf\":{\"@id\":\"https:\/\/swisswhoswho.ch\/evenements\/swiss-whos-who-talent-awards-2025-crans-montana\/\"},\"author\":{\"name\":\"H\u00e9din J\u00e9r\u00e9my\",\"@id\":\"https:\/\/swisswhoswho.ch\/#\/schema\/person\/a46bd25d558bfb1afce78e6d76be26e2\"},\"headline\":\"Swiss Who\u2019s Who Talent Awards 2025 \u2013 Crans-Montana\",\"datePublished\":\"2025-12-12T16:19:00+00:00\",\"dateModified\":\"2026-01-28T16:20:20+00:00\",\"mainEntityOfPage\":{\"@id\":\"https:\/\/swisswhoswho.ch\/evenements\/swiss-whos-who-talent-awards-2025-crans-montana\/\"},\"wordCount\":50,\"publisher\":{\"@id\":\"https:\/\/swisswhoswho.ch\/#organization\"},\"image\":{\"@id\":\"https:\/\/swisswhoswho.ch\/evenements\/swiss-whos-who-talent-awards-2025-crans-montana\/#primaryimage\"},\"thumbnailUrl\":\"https:\/\/swisswhoswho.ch\/wp-content\/uploads\/2026\/01\/Talent-Award-2025-banniere-sww.jpg\",\"articleSection\":[\"\u00c9v\u00e8nements\"],\"inLanguage\":\"es\"},{\"@type\":\"WebPage\",\"@id\":\"https:\/\/swisswhoswho.ch\/evenements\/swiss-whos-who-talent-awards-2025-crans-montana\/\",\"url\":\"https:\/\/swisswhoswho.ch\/evenements\/swiss-whos-who-talent-awards-2025-crans-montana\/\",\"name\":\"Swiss Who\u2019s Who Talent Awards 2025 \u2013 Crans-Montana - Swiss Who&#039;s Who\",\"isPartOf\":{\"@id\":\"https:\/\/swisswhoswho.ch\/#website\"},\"primaryImageOfPage\":{\"@id\":\"https:\/\/swisswhoswho.ch\/evenements\/swiss-whos-who-talent-awards-2025-crans-montana\/#primaryimage\"},\"image\":{\"@id\":\"https:\/\/swisswhoswho.ch\/evenements\/swiss-whos-who-talent-awards-2025-crans-montana\/#primaryimage\"},\"thumbnailUrl\":\"https:\/\/swisswhoswho.ch\/wp-content\/uploads\/2026\/01\/Talent-Award-2025-banniere-sww.jpg\",\"datePublished\":\"2025-12-12T16:19:00+00:00\",\"dateModified\":\"2026-01-28T16:20:20+00:00\",\"breadcrumb\":{\"@id\":\"https:\/\/swisswhoswho.ch\/evenements\/swiss-whos-who-talent-awards-2025-crans-montana\/#breadcrumb\"},\"inLanguage\":\"es\",\"potentialAction\":[{\"@type\":\"ReadAction\",\"target\":[\"https:\/\/swisswhoswho.ch\/evenements\/swiss-whos-who-talent-awards-2025-crans-montana\/\"]}]},{\"@type\":\"ImageObject\",\"inLanguage\":\"es\",\"@id\":\"https:\/\/swisswhoswho.ch\/evenements\/swiss-whos-who-talent-awards-2025-crans-montana\/#primaryimage\",\"url\":\"https:\/\/swisswhoswho.ch\/wp-content\/uploads\/2026\/01\/Talent-Award-2025-banniere-sww.jpg\",\"contentUrl\":\"https:\/\/swisswhoswho.ch\/wp-content\/uploads\/2026\/01\/Talent-Award-2025-banniere-sww.jpg\",\"width\":1920,\"height\":1080},{\"@type\":\"BreadcrumbList\",\"@id\":\"https:\/\/swisswhoswho.ch\/evenements\/swiss-whos-who-talent-awards-2025-crans-montana\/#breadcrumb\",\"itemListElement\":[{\"@type\":\"ListItem\",\"position\":1,\"name\":\"Accueil\",\"item\":\"https:\/\/swisswhoswho.ch\/\"},{\"@type\":\"ListItem\",\"position\":2,\"name\":\"Swiss Who\u2019s Who Talent Awards 2025 \u2013 Crans-Montana\"}]},{\"@type\":\"WebSite\",\"@id\":\"https:\/\/swisswhoswho.ch\/#website\",\"url\":\"https:\/\/swisswhoswho.ch\/\",\"name\":\"Swiss Who's Who\",\"description\":\"\",\"publisher\":{\"@id\":\"https:\/\/swisswhoswho.ch\/#organization\"},\"potentialAction\":[{\"@type\":\"SearchAction\",\"target\":{\"@type\":\"EntryPoint\",\"urlTemplate\":\"https:\/\/swisswhoswho.ch\/?s={search_term_string}\"},\"query-input\":{\"@type\":\"PropertyValueSpecification\",\"valueRequired\":true,\"valueName\":\"search_term_string\"}}],\"inLanguage\":\"es\"},{\"@type\":\"Organization\",\"@id\":\"https:\/\/swisswhoswho.ch\/#organization\",\"name\":\"Swiss Who's Who\",\"url\":\"https:\/\/swisswhoswho.ch\/\",\"logo\":{\"@type\":\"ImageObject\",\"inLanguage\":\"es\",\"@id\":\"https:\/\/swisswhoswho.ch\/#\/schema\/logo\/image\/\",\"url\":\"https:\/\/swisswhoswho.ch\/wp-content\/uploads\/2025\/11\/Logo-SWW.png\",\"contentUrl\":\"https:\/\/swisswhoswho.ch\/wp-content\/uploads\/2025\/11\/Logo-SWW.png\",\"width\":107,\"height\":62,\"caption\":\"Swiss Who's Who\"},\"image\":{\"@id\":\"https:\/\/swisswhoswho.ch\/#\/schema\/logo\/image\/\"}},{\"@type\":\"Person\",\"@id\":\"https:\/\/swisswhoswho.ch\/#\/schema\/person\/a46bd25d558bfb1afce78e6d76be26e2\",\"name\":\"H\u00e9din J\u00e9r\u00e9my\",\"sameAs\":[\"https:\/\/swisswhoswho.ch\"],\"url\":\"https:\/\/swisswhoswho.ch\/es\/author\/devsoo-oo-ch\/\"}]}<\/script>\n<!-- \/ Yoast SEO plugin. -->","yoast_head_json":{"title":"Premio Suizo al Talento 2025 - Crans-Montana - Qui\u00e9n es qui\u00e9n en Suiza","robots":{"index":"index","follow":"follow","max-snippet":"max-snippet:-1","max-image-preview":"max-image-preview:large","max-video-preview":"max-video-preview:-1"},"canonical":"https:\/\/swisswhoswho.ch\/es\/eventos-2\/premios-suizos-al-talento-2025-crans-montana\/","og_locale":"es_ES","og_type":"article","og_title":"Swiss Who\u2019s Who Talent Awards 2025 \u2013 Crans-Montana - Swiss Who&#039;s Who","og_description":"Swiss Who\u2019s Who a r\u00e9uni \u00e0 Crans-Montana des personnalit\u00e9s influentes et des talents d\u2019exception \u00e0 l\u2019occasion des Swiss Who\u2019s Who Talent Awards 2025, une soir\u00e9e d\u00e9di\u00e9e \u00e0 l\u2019innovation, \u00e0 l\u2019excellence et aux parcours qui marquent leur \u00e9poque.","og_url":"https:\/\/swisswhoswho.ch\/es\/eventos-2\/premios-suizos-al-talento-2025-crans-montana\/","og_site_name":"Swiss Who&#039;s Who","article_published_time":"2025-12-12T16:19:00+00:00","article_modified_time":"2026-01-28T16:20:20+00:00","og_image":[{"width":1920,"height":1080,"url":"https:\/\/swisswhoswho.ch\/wp-content\/uploads\/2026\/01\/Talent-Award-2025-banniere-sww.jpg","type":"image\/jpeg"}],"author":"H\u00e9din J\u00e9r\u00e9my","twitter_card":"summary_large_image","twitter_misc":{"Escrito por":"H\u00e9din J\u00e9r\u00e9my","Tiempo de lectura":"1 minuto"},"schema":{"@context":"https:\/\/schema.org","@graph":[{"@type":"Article","@id":"https:\/\/swisswhoswho.ch\/evenements\/swiss-whos-who-talent-awards-2025-crans-montana\/#article","isPartOf":{"@id":"https:\/\/swisswhoswho.ch\/evenements\/swiss-whos-who-talent-awards-2025-crans-montana\/"},"author":{"name":"H\u00e9din J\u00e9r\u00e9my","@id":"https:\/\/swisswhoswho.ch\/#\/schema\/person\/a46bd25d558bfb1afce78e6d76be26e2"},"headline":"Swiss Who\u2019s Who Talent Awards 2025 \u2013 Crans-Montana","datePublished":"2025-12-12T16:19:00+00:00","dateModified":"2026-01-28T16:20:20+00:00","mainEntityOfPage":{"@id":"https:\/\/swisswhoswho.ch\/evenements\/swiss-whos-who-talent-awards-2025-crans-montana\/"},"wordCount":50,"publisher":{"@id":"https:\/\/swisswhoswho.ch\/#organization"},"image":{"@id":"https:\/\/swisswhoswho.ch\/evenements\/swiss-whos-who-talent-awards-2025-crans-montana\/#primaryimage"},"thumbnailUrl":"https:\/\/swisswhoswho.ch\/wp-content\/uploads\/2026\/01\/Talent-Award-2025-banniere-sww.jpg","articleSection":["\u00c9v\u00e8nements"],"inLanguage":"es"},{"@type":"WebPage","@id":"https:\/\/swisswhoswho.ch\/evenements\/swiss-whos-who-talent-awards-2025-crans-montana\/","url":"https:\/\/swisswhoswho.ch\/evenements\/swiss-whos-who-talent-awards-2025-crans-montana\/","name":"Premio Suizo al Talento 2025 - Crans-Montana - Qui\u00e9n es qui\u00e9n en Suiza","isPartOf":{"@id":"https:\/\/swisswhoswho.ch\/#website"},"primaryImageOfPage":{"@id":"https:\/\/swisswhoswho.ch\/evenements\/swiss-whos-who-talent-awards-2025-crans-montana\/#primaryimage"},"image":{"@id":"https:\/\/swisswhoswho.ch\/evenements\/swiss-whos-who-talent-awards-2025-crans-montana\/#primaryimage"},"thumbnailUrl":"https:\/\/swisswhoswho.ch\/wp-content\/uploads\/2026\/01\/Talent-Award-2025-banniere-sww.jpg","datePublished":"2025-12-12T16:19:00+00:00","dateModified":"2026-01-28T16:20:20+00:00","breadcrumb":{"@id":"https:\/\/swisswhoswho.ch\/evenements\/swiss-whos-who-talent-awards-2025-crans-montana\/#breadcrumb"},"inLanguage":"es","potentialAction":[{"@type":"ReadAction","target":["https:\/\/swisswhoswho.ch\/evenements\/swiss-whos-who-talent-awards-2025-crans-montana\/"]}]},{"@type":"ImageObject","inLanguage":"es","@id":"https:\/\/swisswhoswho.ch\/evenements\/swiss-whos-who-talent-awards-2025-crans-montana\/#primaryimage","url":"https:\/\/swisswhoswho.ch\/wp-content\/uploads\/2026\/01\/Talent-Award-2025-banniere-sww.jpg","contentUrl":"https:\/\/swisswhoswho.ch\/wp-content\/uploads\/2026\/01\/Talent-Award-2025-banniere-sww.jpg","width":1920,"height":1080},{"@type":"BreadcrumbList","@id":"https:\/\/swisswhoswho.ch\/evenements\/swiss-whos-who-talent-awards-2025-crans-montana\/#breadcrumb","itemListElement":[{"@type":"ListItem","position":1,"name":"Accueil","item":"https:\/\/swisswhoswho.ch\/"},{"@type":"ListItem","position":2,"name":"Swiss Who\u2019s Who Talent Awards 2025 \u2013 Crans-Montana"}]},{"@type":"WebSite","@id":"https:\/\/swisswhoswho.ch\/#website","url":"https:\/\/swisswhoswho.ch\/","name":"Qui\u00e9n es qui\u00e9n en Suiza","description":"","publisher":{"@id":"https:\/\/swisswhoswho.ch\/#organization"},"potentialAction":[{"@type":"SearchAction","target":{"@type":"EntryPoint","urlTemplate":"https:\/\/swisswhoswho.ch\/?s={search_term_string}"},"query-input":{"@type":"PropertyValueSpecification","valueRequired":true,"valueName":"search_term_string"}}],"inLanguage":"es"},{"@type":"Organization","@id":"https:\/\/swisswhoswho.ch\/#organization","name":"Qui\u00e9n es qui\u00e9n en Suiza","url":"https:\/\/swisswhoswho.ch\/","logo":{"@type":"ImageObject","inLanguage":"es","@id":"https:\/\/swisswhoswho.ch\/#\/schema\/logo\/image\/","url":"https:\/\/swisswhoswho.ch\/wp-content\/uploads\/2025\/11\/Logo-SWW.png","contentUrl":"https:\/\/swisswhoswho.ch\/wp-content\/uploads\/2025\/11\/Logo-SWW.png","width":107,"height":62,"caption":"Swiss Who's Who"},"image":{"@id":"https:\/\/swisswhoswho.ch\/#\/schema\/logo\/image\/"}},{"@type":"Person","@id":"https:\/\/swisswhoswho.ch\/#\/schema\/person\/a46bd25d558bfb1afce78e6d76be26e2","name":"H\u00e9din J\u00e9r\u00e9my","sameAs":["https:\/\/swisswhoswho.ch"],"url":"https:\/\/swisswhoswho.ch\/es\/author\/devsoo-oo-ch\/"}]}},"_links":{"self":[{"href":"https:\/\/swisswhoswho.ch\/es\/wp-json\/wp\/v2\/posts\/1473","targetHints":{"allow":["GET"]}}],"collection":[{"href":"https:\/\/swisswhoswho.ch\/es\/wp-json\/wp\/v2\/posts"}],"about":[{"href":"https:\/\/swisswhoswho.ch\/es\/wp-json\/wp\/v2\/types\/post"}],"author":[{"embeddable":true,"href":"https:\/\/swisswhoswho.ch\/es\/wp-json\/wp\/v2\/users\/1"}],"replies":[{"embeddable":true,"href":"https:\/\/swisswhoswho.ch\/es\/wp-json\/wp\/v2\/comments?post=1473"}],"version-history":[{"count":1,"href":"https:\/\/swisswhoswho.ch\/es\/wp-json\/wp\/v2\/posts\/1473\/revisions"}],"predecessor-version":[{"id":1477,"href":"https:\/\/swisswhoswho.ch\/es\/wp-json\/wp\/v2\/posts\/1473\/revisions\/1477"}],"wp:featuredmedia":[{"embeddable":true,"href":"https:\/\/swisswhoswho.ch\/es\/wp-json\/wp\/v2\/media\/1476"}],"wp:attachment":[{"href":"https:\/\/swisswhoswho.ch\/es\/wp-json\/wp\/v2\/media?parent=1473"}],"wp:term":[{"taxonomy":"category","embeddable":true,"href":"https:\/\/swisswhoswho.ch\/es\/wp-json\/wp\/v2\/categories?post=1473"},{"taxonomy":"post_tag","embeddable":true,"href":"https:\/\/swisswhoswho.ch\/es\/wp-json\/wp\/v2\/tags?post=1473"}],"curies":[{"name":"wp","href":"https:\/\/api.w.org\/{rel}","templated":true}]}}