{"id":1609,"date":"2026-03-02T14:22:59","date_gmt":"2026-03-02T13:22:59","guid":{"rendered":"https:\/\/swisswhoswho.ch\/?p=1609"},"modified":"2026-04-14T15:24:44","modified_gmt":"2026-04-14T13:24:44","slug":"entrevista-principal-susan-gasser","status":"publish","type":"post","link":"https:\/\/swisswhoswho.ch\/es\/entrevistas\/grandes-entrevistas-las-grandes-conversaciones\/entrevista-principal-susan-gasser\/","title":{"rendered":"Entrevista principal - Susan Gasser"},"content":{"rendered":"<div data-elementor-type=\"wp-post\" data-elementor-id=\"1609\" class=\"elementor elementor-1609\" data-elementor-post-type=\"post\">\n\t\t\t\t<div class=\"elementor-element elementor-element-e4417e3 e-flex e-con-boxed e-con e-parent\" data-id=\"e4417e3\" data-element_type=\"container\" data-e-type=\"container\">\n\t\t\t\t\t<div class=\"e-con-inner\">\n\t\t<div class=\"elementor-element elementor-element-15220d9 e-con-full e-flex e-con e-child\" data-id=\"15220d9\" data-element_type=\"container\" data-e-type=\"container\">\n\t\t\t\t<div class=\"elementor-element elementor-element-fc3e4fa elementor-widget__width-initial elementor-widget elementor-widget-heading\" data-id=\"fc3e4fa\" data-element_type=\"widget\" data-e-type=\"widget\" data-widget_type=\"heading.default\">\n\t\t\t\t\t<h2 class=\"elementor-heading-title elementor-size-default\">1<\/h2>\t\t\t\t<\/div>\n\t\t<div class=\"elementor-element elementor-element-01034c4 e-con-full e-flex e-con e-child\" data-id=\"01034c4\" data-element_type=\"container\" data-e-type=\"container\">\n\t\t\t\t<div class=\"elementor-element elementor-element-10851c0 elementor-widget elementor-widget-heading\" data-id=\"10851c0\" data-element_type=\"widget\" data-e-type=\"widget\" data-widget_type=\"heading.default\">\n\t\t\t\t\t<h4 class=\"elementor-heading-title elementor-size-default\">\u00bfPuede explicar qu\u00e9 es la epigen\u00e9tica y por qu\u00e9 es importante para entender la vida?<\/h4>\t\t\t\t<\/div>\n\t\t\t\t<\/div>\n\t\t\t\t<\/div>\n\t\t\t\t<div class=\"elementor-element elementor-element-02b1afc elementor-widget elementor-widget-text-editor\" data-id=\"02b1afc\" data-element_type=\"widget\" data-e-type=\"widget\" data-widget_type=\"text-editor.default\">\n\t\t\t\t\t\t\t\t\t<p>La epigen\u00e9tica se refiere a los mecanismos moleculares y celulares por los que el entorno y el estilo de vida -por ejemplo, la dieta, el estr\u00e9s y el sue\u00f1o- pueden modificar la expresi\u00f3n de nuestros genes sin alterar la secuencia del ADN. Las modificaciones epigen\u00e9ticas son cambios qu\u00edmicos naturales que se producen en todas nuestras c\u00e9lulas y que act\u00faan como interruptores \u00abon\/off\u00bb de la expresi\u00f3n g\u00e9nica. A diferencia de los mecanismos gen\u00e9ticos, las modificaciones epigen\u00e9ticas son reversibles y a menudo se ven alteradas por diversas enfermedades y el envejecimiento. La epigen\u00e9tica se estudia con herramientas de biolog\u00eda molecular.<\/p>\t\t\t\t\t\t\t\t<\/div>\n\t\t\t\t\t<\/div>\n\t\t\t\t<\/div>\n\t\t<div class=\"elementor-element elementor-element-eb436b8 e-flex e-con-boxed e-con e-parent\" data-id=\"eb436b8\" data-element_type=\"container\" data-e-type=\"container\">\n\t\t\t\t\t<div class=\"e-con-inner\">\n\t\t<div class=\"elementor-element elementor-element-dfbc09b e-con-full e-flex e-con e-child\" data-id=\"dfbc09b\" data-element_type=\"container\" data-e-type=\"container\">\n\t\t\t\t<div class=\"elementor-element elementor-element-91ea054 elementor-widget__width-initial elementor-widget elementor-widget-heading\" data-id=\"91ea054\" data-element_type=\"widget\" data-e-type=\"widget\" data-widget_type=\"heading.default\">\n\t\t\t\t\t<h2 class=\"elementor-heading-title elementor-size-default\">2<\/h2>\t\t\t\t<\/div>\n\t\t<div class=\"elementor-element elementor-element-f7472b7 e-con-full e-flex e-con e-child\" data-id=\"f7472b7\" data-element_type=\"container\" data-e-type=\"container\">\n\t\t\t\t<div class=\"elementor-element elementor-element-cf0e515 elementor-widget elementor-widget-heading\" data-id=\"cf0e515\" data-element_type=\"widget\" data-e-type=\"widget\" data-widget_type=\"heading.default\">\n\t\t\t\t\t<h4 class=\"elementor-heading-title elementor-size-default\">\u00bfC\u00f3mo puede ayudarnos hoy la investigaci\u00f3n en biolog\u00eda molecular a prevenir o tratar mejor el c\u00e1ncer?<\/h4>\t\t\t\t<\/div>\n\t\t\t\t<\/div>\n\t\t\t\t<\/div>\n\t\t\t\t<div class=\"elementor-element elementor-element-47f9527 elementor-widget elementor-widget-text-editor\" data-id=\"47f9527\" data-element_type=\"widget\" data-e-type=\"widget\" data-widget_type=\"text-editor.default\">\n\t\t\t\t\t\t\t\t\t<p><span style=\"font-weight: 400;\">La investigaci\u00f3n en biolog\u00eda molecular est\u00e1 revolucionando la lucha contra el c\u00e1ncer al permitir el desarrollo de la medicina de precisi\u00f3n. En otras palabras, est\u00e1 ayudando a prevenir el c\u00e1ncer al identificar las predisposiciones gen\u00e9ticas y los marcadores moleculares que caracterizan a los tumores, pero no a los tejidos normales. Al conocer los detalles moleculares de un tumor, podemos tratar mejor a los pacientes con terapias dirigidas e inmunoterapia personalizada. Tambi\u00e9n podemos evitar la quimioterapia innecesaria.<\/span><\/p>\t\t\t\t\t\t\t\t<\/div>\n\t\t\t\t\t<\/div>\n\t\t\t\t<\/div>\n\t\t<div class=\"elementor-element elementor-element-bb20999 e-flex e-con-boxed e-con e-parent\" data-id=\"bb20999\" data-element_type=\"container\" data-e-type=\"container\">\n\t\t\t\t\t<div class=\"e-con-inner\">\n\t\t<div class=\"elementor-element elementor-element-7b64be3 e-con-full e-flex e-con e-child\" data-id=\"7b64be3\" data-element_type=\"container\" data-e-type=\"container\">\n\t\t\t\t<div class=\"elementor-element elementor-element-853efc8 elementor-widget__width-initial elementor-widget elementor-widget-heading\" data-id=\"853efc8\" data-element_type=\"widget\" data-e-type=\"widget\" data-widget_type=\"heading.default\">\n\t\t\t\t\t<h2 class=\"elementor-heading-title elementor-size-default\">3<\/h2>\t\t\t\t<\/div>\n\t\t<div class=\"elementor-element elementor-element-ec38aa2 e-con-full e-flex e-con e-child\" data-id=\"ec38aa2\" data-element_type=\"container\" data-e-type=\"container\">\n\t\t\t\t<div class=\"elementor-element elementor-element-47b85e5 elementor-widget elementor-widget-heading\" data-id=\"47b85e5\" data-element_type=\"widget\" data-e-type=\"widget\" data-widget_type=\"heading.default\">\n\t\t\t\t\t<h4 class=\"elementor-heading-title elementor-size-default\">\u00bfQu\u00e9 es lo que m\u00e1s le entusiasma de los recientes descubrimientos cient\u00edficos en su campo?<\/h4>\t\t\t\t<\/div>\n\t\t\t\t<\/div>\n\t\t\t\t<\/div>\n\t\t\t\t<div class=\"elementor-element elementor-element-c02271e elementor-widget elementor-widget-text-editor\" data-id=\"c02271e\" data-element_type=\"widget\" data-e-type=\"widget\" data-widget_type=\"text-editor.default\">\n\t\t\t\t\t\t\t\t\t<p><span style=\"font-weight: 400;\">Lo que me parece apasionante es que ahora podemos aspirar a tratar el c\u00e1ncer considerando al paciente en su conjunto: integrando la informaci\u00f3n de sus genes, su sistema inmunitario, su metabolismo e incluso su estado psicol\u00f3gico, porque hoy somos capaces de comprender c\u00f3mo se relacionan todos estos sistemas a nivel molecular. Los avances en nuestra comprensi\u00f3n del sistema inmunitario y en el campo de la inmunoterapia est\u00e1n a la vanguardia de esta evoluci\u00f3n. Gracias a diversos agentes inmunoterap\u00e9uticos -inhibidores de puntos de control, terapias basadas en vacunas, virus oncol\u00edticos y terapias dirigidas a los linfocitos T- podemos reprogramar el sistema inmunitario para ayudar a los pacientes a eliminar los tumores por s\u00ed mismos.<\/span><\/p>\t\t\t\t\t\t\t\t<\/div>\n\t\t\t\t\t<\/div>\n\t\t\t\t<\/div>\n\t\t<div class=\"elementor-element elementor-element-2002d29 e-flex e-con-boxed e-con e-parent\" data-id=\"2002d29\" data-element_type=\"container\" data-e-type=\"container\">\n\t\t\t\t\t<div class=\"e-con-inner\">\n\t\t<div class=\"elementor-element elementor-element-64d688f e-con-full e-flex e-con e-child\" data-id=\"64d688f\" data-element_type=\"container\" data-e-type=\"container\">\n\t\t\t\t<div class=\"elementor-element elementor-element-25c4fec elementor-widget__width-initial elementor-widget elementor-widget-heading\" data-id=\"25c4fec\" data-element_type=\"widget\" data-e-type=\"widget\" data-widget_type=\"heading.default\">\n\t\t\t\t\t<h2 class=\"elementor-heading-title elementor-size-default\">4<\/h2>\t\t\t\t<\/div>\n\t\t<div class=\"elementor-element elementor-element-d1af6d2 e-con-full e-flex e-con e-child\" data-id=\"d1af6d2\" data-element_type=\"container\" data-e-type=\"container\">\n\t\t\t\t<div class=\"elementor-element elementor-element-2ac881b elementor-widget elementor-widget-heading\" data-id=\"2ac881b\" data-element_type=\"widget\" data-e-type=\"widget\" data-widget_type=\"heading.default\">\n\t\t\t\t\t<h4 class=\"elementor-heading-title elementor-size-default\">Tras haber dirigido varios grandes institutos de investigaci\u00f3n, \u00bfc\u00f3mo ve el desarrollo de la investigaci\u00f3n biom\u00e9dica en Suiza y en el resto del mundo?<\/h4>\t\t\t\t<\/div>\n\t\t\t\t<\/div>\n\t\t\t\t<\/div>\n\t\t\t\t<div class=\"elementor-element elementor-element-07608a2 elementor-widget elementor-widget-text-editor\" data-id=\"07608a2\" data-element_type=\"widget\" data-e-type=\"widget\" data-widget_type=\"text-editor.default\">\n\t\t\t\t\t\t\t\t\t<p><span style=\"font-weight: 400;\">Suiza est\u00e1 a la vanguardia de la biolog\u00eda molecular y de sistemas, as\u00ed como de la inform\u00e1tica, incluida la inteligencia artificial. Llevamos muchos a\u00f1os recibiendo los premios y subvenciones europeos m\u00e1s prestigiosos, mucho m\u00e1s de lo que cabr\u00eda esperar de un pa\u00eds de nuestro tama\u00f1o. Gracias a la presencia de varias grandes empresas farmac\u00e9uticas y a un fuerte esp\u00edritu de innovaci\u00f3n, la investigaci\u00f3n traslacional del desarrollo de f\u00e1rmacos en Suiza siempre ha estado a la vanguardia. Incluso peque\u00f1os institutos como el Instituto de Inmunolog\u00eda de Basilea y el Instituto Friedrich Miescher de Investigaci\u00f3n Biom\u00e9dica han alcanzado reconocimiento mundial. Sin embargo, cuando se trata de aplicar esta destreza fundamental y tecnol\u00f3gica a la pr\u00e1ctica m\u00e9dica, Suiza se ha quedado rezagada. Este proceso est\u00e1 empezando ahora, y Suiza debe abrazar el cambio para recuperar su liderazgo.  De lo contrario, nos veremos obligados a seguir lo que otros nos digan, \u00a1lo cual nunca es deseable!<\/span><\/p>\t\t\t\t\t\t\t\t<\/div>\n\t\t\t\t\t<\/div>\n\t\t\t\t<\/div>\n\t\t<div class=\"elementor-element elementor-element-9302aff e-flex e-con-boxed e-con e-parent\" data-id=\"9302aff\" data-element_type=\"container\" data-e-type=\"container\">\n\t\t\t\t\t<div class=\"e-con-inner\">\n\t\t<div class=\"elementor-element elementor-element-592651d e-con-full e-flex e-con e-child\" data-id=\"592651d\" data-element_type=\"container\" data-e-type=\"container\">\n\t\t\t\t<div class=\"elementor-element elementor-element-39398fe elementor-widget__width-initial elementor-widget elementor-widget-heading\" data-id=\"39398fe\" data-element_type=\"widget\" data-e-type=\"widget\" data-widget_type=\"heading.default\">\n\t\t\t\t\t<h2 class=\"elementor-heading-title elementor-size-default\">5<\/h2>\t\t\t\t<\/div>\n\t\t<div class=\"elementor-element elementor-element-4b394e5 e-con-full e-flex e-con e-child\" data-id=\"4b394e5\" data-element_type=\"container\" data-e-type=\"container\">\n\t\t\t\t<div class=\"elementor-element elementor-element-cf580d7 elementor-widget elementor-widget-heading\" data-id=\"cf580d7\" data-element_type=\"widget\" data-e-type=\"widget\" data-widget_type=\"heading.default\">\n\t\t\t\t\t<h4 class=\"elementor-heading-title elementor-size-default\">\u00bfCree que la ciencia avanza hoy m\u00e1s deprisa que nunca y cu\u00e1les son sus principales causas?<\/h4>\t\t\t\t<\/div>\n\t\t\t\t<\/div>\n\t\t\t\t<\/div>\n\t\t\t\t<div class=\"elementor-element elementor-element-9a1cc97 elementor-widget elementor-widget-text-editor\" data-id=\"9a1cc97\" data-element_type=\"widget\" data-e-type=\"widget\" data-widget_type=\"text-editor.default\">\n\t\t\t\t\t\t\t\t\t<p><span style=\"font-weight: 400;\">Los principales motores de los descubrimientos son las tecnolog\u00edas innovadoras, y hay muchas. Por ejemplo, la obtenci\u00f3n de im\u00e1genes a nivel molecular, celular y corporal ha progresado considerablemente en los \u00faltimos a\u00f1os. Los conocimientos adquiridos gracias a las tecnolog\u00edas de la informaci\u00f3n, basadas en la secuenciaci\u00f3n del genoma y el transcriptoma (secuenciaci\u00f3n de alto rendimiento) combinada con el an\u00e1lisis de im\u00e1genes digitalizadas,<\/span> <span style=\"font-weight: 400;\">permiten que la medicina y la investigaci\u00f3n sean m\u00e1s cuantitativas y precisas.  Del mismo modo, los nuevos m\u00e9todos de estudio de tejidos humanos en el laboratorio, conocidos como cultivos de organoides y tumoroides, nos permiten comprender con precisi\u00f3n c\u00f3mo responden los tejidos humanos, y no los animales, a las nuevas terapias. Ahora hay formas de modificar genes y genomas para producir las c\u00e9lulas que necesitamos para las terapias celulares. B\u00e1sicamente, el n\u00famero de herramientas a disposici\u00f3n de los bi\u00f3logos moleculares ha aumentado considerablemente, lo que permite obtener conocimientos cient\u00edficos con mayor rapidez. <\/span><\/p>\t\t\t\t\t\t\t\t<\/div>\n\t\t\t\t\t<\/div>\n\t\t\t\t<\/div>\n\t\t<div class=\"elementor-element elementor-element-dedc008 e-flex e-con-boxed e-con e-parent\" data-id=\"dedc008\" data-element_type=\"container\" data-e-type=\"container\">\n\t\t\t\t\t<div class=\"e-con-inner\">\n\t\t<div class=\"elementor-element elementor-element-501d217 e-con-full e-flex e-con e-child\" data-id=\"501d217\" data-element_type=\"container\" data-e-type=\"container\">\n\t\t\t\t<div class=\"elementor-element elementor-element-4486d59 elementor-widget__width-initial elementor-widget elementor-widget-heading\" data-id=\"4486d59\" data-element_type=\"widget\" data-e-type=\"widget\" data-widget_type=\"heading.default\">\n\t\t\t\t\t<h2 class=\"elementor-heading-title elementor-size-default\">6<\/h2>\t\t\t\t<\/div>\n\t\t<div class=\"elementor-element elementor-element-2c32b27 e-con-full e-flex e-con e-child\" data-id=\"2c32b27\" data-element_type=\"container\" data-e-type=\"container\">\n\t\t\t\t<div class=\"elementor-element elementor-element-e08cd71 elementor-widget elementor-widget-heading\" data-id=\"e08cd71\" data-element_type=\"widget\" data-e-type=\"widget\" data-widget_type=\"heading.default\">\n\t\t\t\t\t<h4 class=\"elementor-heading-title elementor-size-default\">\u201cRabelais escribi\u00f3: \u201dLa ciencia sin conciencia no es m\u00e1s que la ruina del alma\". \u00bfQu\u00e9 le inspira esto?<\/h4>\t\t\t\t<\/div>\n\t\t\t\t<\/div>\n\t\t\t\t<\/div>\n\t\t\t\t<div class=\"elementor-element elementor-element-37836e3 elementor-widget elementor-widget-text-editor\" data-id=\"37836e3\" data-element_type=\"widget\" data-e-type=\"widget\" data-widget_type=\"text-editor.default\">\n\t\t\t\t\t\t\t\t\t<p><span style=\"font-weight: 400;\">Por supuesto, la tecnolog\u00eda no lo es todo.  Son las cuestiones humanas las que estimulan los avances cient\u00edficos y biom\u00e9dicos. Y la ciencia debe respetar siempre los derechos humanos fundamentales, a saber, el derecho a la intimidad, la independencia y la autodeterminaci\u00f3n. El esp\u00edritu o alma de la humanidad siempre ser\u00e1 lo primero, y puede limitar el uso de la tecnolog\u00eda. Tomemos, por ejemplo, la decisi\u00f3n de limitar las cabezas nucleares o de restringir la IA y las redes sociales. Estas decisiones son extremadamente importantes, incluso esenciales para nuestra sociedad.<\/span><\/p>\t\t\t\t\t\t\t\t<\/div>\n\t\t\t\t\t<\/div>\n\t\t\t\t<\/div>\n\t\t<div class=\"elementor-element elementor-element-f550bdf e-flex e-con-boxed e-con e-parent\" data-id=\"f550bdf\" data-element_type=\"container\" data-e-type=\"container\">\n\t\t\t\t\t<div class=\"e-con-inner\">\n\t\t<div class=\"elementor-element elementor-element-13a5e47 e-con-full e-flex e-con e-child\" data-id=\"13a5e47\" data-element_type=\"container\" data-e-type=\"container\">\n\t\t\t\t<div class=\"elementor-element elementor-element-8e518cd elementor-widget__width-initial elementor-widget elementor-widget-heading\" data-id=\"8e518cd\" data-element_type=\"widget\" data-e-type=\"widget\" data-widget_type=\"heading.default\">\n\t\t\t\t\t<h2 class=\"elementor-heading-title elementor-size-default\">7<\/h2>\t\t\t\t<\/div>\n\t\t<div class=\"elementor-element elementor-element-4e08d7a e-con-full e-flex e-con e-child\" data-id=\"4e08d7a\" data-element_type=\"container\" data-e-type=\"container\">\n\t\t\t\t<div class=\"elementor-element elementor-element-d657242 elementor-widget elementor-widget-heading\" data-id=\"d657242\" data-element_type=\"widget\" data-e-type=\"widget\" data-widget_type=\"heading.default\">\n\t\t\t\t\t<h4 class=\"elementor-heading-title elementor-size-default\">\u00bfQu\u00e9 mensaje le gustar\u00eda transmitir al p\u00fablico en general sobre la importancia de la investigaci\u00f3n fundamental?<\/h4>\t\t\t\t<\/div>\n\t\t\t\t<\/div>\n\t\t\t\t<\/div>\n\t\t\t\t<div class=\"elementor-element elementor-element-7ebe0ba elementor-widget elementor-widget-text-editor\" data-id=\"7ebe0ba\" data-element_type=\"widget\" data-e-type=\"widget\" data-widget_type=\"text-editor.default\">\n\t\t\t\t\t\t\t\t\t<p><span style=\"font-weight: 400;\">La investigaci\u00f3n de los mecanismos y sistemas fundamentales de la biolog\u00eda debe progresar antes de que puedan desarrollarse innovaciones terap\u00e9uticas, nuevas terapias que salven vidas y la lucha contra las enfermedades. Si las nuevas tecnolog\u00edas son la fuente de los conocimientos fundamentales, \u00e9stos son a su vez esenciales para la aplicaci\u00f3n adecuada de la tecnolog\u00eda a la salud humana.<\/span><\/p>\t\t\t\t\t\t\t\t<\/div>\n\t\t\t\t\t<\/div>\n\t\t\t\t<\/div>\n\t\t<div class=\"elementor-element elementor-element-5e0f148 e-flex e-con-boxed e-con e-parent\" data-id=\"5e0f148\" data-element_type=\"container\" data-e-type=\"container\">\n\t\t\t\t\t<div class=\"e-con-inner\">\n\t\t<div class=\"elementor-element elementor-element-089db22 e-con-full e-flex e-con e-child\" data-id=\"089db22\" data-element_type=\"container\" data-e-type=\"container\">\n\t\t\t\t<div class=\"elementor-element elementor-element-f6bccb4 elementor-widget__width-initial elementor-widget elementor-widget-heading\" data-id=\"f6bccb4\" data-element_type=\"widget\" data-e-type=\"widget\" data-widget_type=\"heading.default\">\n\t\t\t\t\t<h2 class=\"elementor-heading-title elementor-size-default\">8<\/h2>\t\t\t\t<\/div>\n\t\t<div class=\"elementor-element elementor-element-31e37f9 e-con-full e-flex e-con e-child\" data-id=\"31e37f9\" data-element_type=\"container\" data-e-type=\"container\">\n\t\t\t\t<div class=\"elementor-element elementor-element-b327d8e elementor-widget elementor-widget-heading\" data-id=\"b327d8e\" data-element_type=\"widget\" data-e-type=\"widget\" data-widget_type=\"heading.default\">\n\t\t\t\t\t<h4 class=\"elementor-heading-title elementor-size-default\">A menudo se considera que el liderazgo es un motor clave de la innovaci\u00f3n y el cambio. En un mundo en constante transformaci\u00f3n, \u00bfqu\u00e9 cree que define a un l\u00edder inspirador? <\/h4>\t\t\t\t<\/div>\n\t\t\t\t<\/div>\n\t\t\t\t<\/div>\n\t\t\t\t<div class=\"elementor-element elementor-element-4f8c93e elementor-widget elementor-widget-text-editor\" data-id=\"4f8c93e\" data-element_type=\"widget\" data-e-type=\"widget\" data-widget_type=\"text-editor.default\">\n\t\t\t\t\t\t\t\t\t<p><span style=\"font-weight: 400;\">En mi opini\u00f3n, el buen liderazgo se define por cuatro caracter\u00edsticas importantes: la capacidad de escuchar con humildad; la capacidad de tener una visi\u00f3n m\u00e1s amplia que distinga \u00abel todo de la suma de las partes\u00bb; una dosis saludable de entusiasmo y pasi\u00f3n por alcanzar esa visi\u00f3n; y, por \u00faltimo, las habilidades necesarias para una comunicaci\u00f3n eficaz y honesta. \u00a0 <\/span><\/p>\t\t\t\t\t\t\t\t<\/div>\n\t\t\t\t\t<\/div>\n\t\t\t\t<\/div>\n\t\t\t\t<\/div>","protected":false},"excerpt":{"rendered":"<p>1 \u00bfPuede explicar qu\u00e9 es la epigen\u00e9tica y por qu\u00e9 es importante para entender los organismos vivos? La epigen\u00e9tica se refiere a los mecanismos moleculares y celulares por los que el entorno y el estilo de vida -por ejemplo, la dieta, el estr\u00e9s y el sue\u00f1o- pueden modificar la expresi\u00f3n de nuestros genes sin alterar la secuencia del ADN. Las modificaciones [...]<\/p>","protected":false},"author":1,"featured_media":1626,"comment_status":"closed","ping_status":"closed","sticky":false,"template":"elementor_theme","format":"standard","meta":{"_acf_changed":false,"pmpro_default_level":"","footnotes":""},"categories":[28],"tags":[33],"class_list":["post-1609","post","type-post","status-publish","format-standard","has-post-thumbnail","hentry","category-major-interviews-les-grandes-conversations","tag-a-la-une","pmpro-has-access"],"acf":[],"yoast_head":"<!-- This site is optimized with the Yoast SEO plugin v26.8 - https:\/\/yoast.com\/product\/yoast-seo-wordpress\/ -->\n<title>Interview majeure \u2013 Susan Gasser | Swiss Who\u2019s Who<\/title>\n<meta name=\"description\" content=\"Entretien avec Susan Gasser : parcours scientifique, avanc\u00e9es en g\u00e9n\u00e9tique et vision de la recherche au c\u0153ur de l\u2019innovation.\" \/>\n<meta name=\"robots\" content=\"index, follow, max-snippet:-1, max-image-preview:large, max-video-preview:-1\" \/>\n<link rel=\"canonical\" href=\"https:\/\/swisswhoswho.ch\/es\/entrevistas\/grandes-entrevistas-las-grandes-conversaciones\/entrevista-principal-susan-gasser\/\" \/>\n<meta property=\"og:locale\" content=\"es_ES\" \/>\n<meta property=\"og:type\" content=\"article\" \/>\n<meta property=\"og:title\" content=\"Interview majeure \u2013 Susan Gasser | Swiss Who\u2019s Who\" \/>\n<meta property=\"og:description\" content=\"Entretien avec Susan Gasser : parcours scientifique, avanc\u00e9es en g\u00e9n\u00e9tique et vision de la recherche au c\u0153ur de l\u2019innovation.\" \/>\n<meta property=\"og:url\" content=\"https:\/\/swisswhoswho.ch\/es\/entrevistas\/grandes-entrevistas-las-grandes-conversaciones\/entrevista-principal-susan-gasser\/\" \/>\n<meta property=\"og:site_name\" content=\"Swiss Who&#039;s Who\" \/>\n<meta property=\"article:published_time\" content=\"2026-03-02T13:22:59+00:00\" \/>\n<meta property=\"article:modified_time\" content=\"2026-04-14T13:24:44+00:00\" \/>\n<meta property=\"og:image\" content=\"https:\/\/swisswhoswho.ch\/wp-content\/uploads\/2026\/02\/Susan-Gasser-Major-Interview-vignette-swisswhoswho.jpg\" \/>\n\t<meta property=\"og:image:width\" content=\"381\" \/>\n\t<meta property=\"og:image:height\" content=\"283\" \/>\n\t<meta property=\"og:image:type\" content=\"image\/jpeg\" \/>\n<meta name=\"author\" content=\"H\u00e9din J\u00e9r\u00e9my\" \/>\n<meta name=\"twitter:card\" content=\"summary_large_image\" \/>\n<meta name=\"twitter:label1\" content=\"Escrito por\" \/>\n\t<meta name=\"twitter:data1\" content=\"H\u00e9din J\u00e9r\u00e9my\" \/>\n\t<meta name=\"twitter:label2\" content=\"Tiempo de lectura\" \/>\n\t<meta name=\"twitter:data2\" content=\"6 minutos\" \/>\n<script type=\"application\/ld+json\" class=\"yoast-schema-graph\">{\"@context\":\"https:\/\/schema.org\",\"@graph\":[{\"@type\":\"Article\",\"@id\":\"https:\/\/swisswhoswho.ch\/interviews\/major-interviews-les-grandes-conversations\/major-interview-susan-gasser\/#article\",\"isPartOf\":{\"@id\":\"https:\/\/swisswhoswho.ch\/interviews\/major-interviews-les-grandes-conversations\/major-interview-susan-gasser\/\"},\"author\":{\"name\":\"H\u00e9din J\u00e9r\u00e9my\",\"@id\":\"https:\/\/swisswhoswho.ch\/#\/schema\/person\/a46bd25d558bfb1afce78e6d76be26e2\"},\"headline\":\"Major Interview &#8211; Susan Gasser\",\"datePublished\":\"2026-03-02T13:22:59+00:00\",\"dateModified\":\"2026-04-14T13:24:44+00:00\",\"mainEntityOfPage\":{\"@id\":\"https:\/\/swisswhoswho.ch\/interviews\/major-interviews-les-grandes-conversations\/major-interview-susan-gasser\/\"},\"wordCount\":1127,\"publisher\":{\"@id\":\"https:\/\/swisswhoswho.ch\/#organization\"},\"image\":{\"@id\":\"https:\/\/swisswhoswho.ch\/interviews\/major-interviews-les-grandes-conversations\/major-interview-susan-gasser\/#primaryimage\"},\"thumbnailUrl\":\"https:\/\/swisswhoswho.ch\/wp-content\/uploads\/2026\/02\/Susan-Gasser-Major-Interview-vignette-swisswhoswho.jpg\",\"keywords\":[\"\u00c0 la une\"],\"articleSection\":[\"Major Interviews \u2013 Les grandes conversations\"],\"inLanguage\":\"es\"},{\"@type\":\"WebPage\",\"@id\":\"https:\/\/swisswhoswho.ch\/interviews\/major-interviews-les-grandes-conversations\/major-interview-susan-gasser\/\",\"url\":\"https:\/\/swisswhoswho.ch\/interviews\/major-interviews-les-grandes-conversations\/major-interview-susan-gasser\/\",\"name\":\"Interview majeure \u2013 Susan Gasser | Swiss Who\u2019s Who\",\"isPartOf\":{\"@id\":\"https:\/\/swisswhoswho.ch\/#website\"},\"primaryImageOfPage\":{\"@id\":\"https:\/\/swisswhoswho.ch\/interviews\/major-interviews-les-grandes-conversations\/major-interview-susan-gasser\/#primaryimage\"},\"image\":{\"@id\":\"https:\/\/swisswhoswho.ch\/interviews\/major-interviews-les-grandes-conversations\/major-interview-susan-gasser\/#primaryimage\"},\"thumbnailUrl\":\"https:\/\/swisswhoswho.ch\/wp-content\/uploads\/2026\/02\/Susan-Gasser-Major-Interview-vignette-swisswhoswho.jpg\",\"datePublished\":\"2026-03-02T13:22:59+00:00\",\"dateModified\":\"2026-04-14T13:24:44+00:00\",\"description\":\"Entretien avec Susan Gasser : parcours scientifique, avanc\u00e9es en g\u00e9n\u00e9tique et vision de la recherche au c\u0153ur de l\u2019innovation.\",\"breadcrumb\":{\"@id\":\"https:\/\/swisswhoswho.ch\/interviews\/major-interviews-les-grandes-conversations\/major-interview-susan-gasser\/#breadcrumb\"},\"inLanguage\":\"es\",\"potentialAction\":[{\"@type\":\"ReadAction\",\"target\":[\"https:\/\/swisswhoswho.ch\/interviews\/major-interviews-les-grandes-conversations\/major-interview-susan-gasser\/\"]}]},{\"@type\":\"ImageObject\",\"inLanguage\":\"es\",\"@id\":\"https:\/\/swisswhoswho.ch\/interviews\/major-interviews-les-grandes-conversations\/major-interview-susan-gasser\/#primaryimage\",\"url\":\"https:\/\/swisswhoswho.ch\/wp-content\/uploads\/2026\/02\/Susan-Gasser-Major-Interview-vignette-swisswhoswho.jpg\",\"contentUrl\":\"https:\/\/swisswhoswho.ch\/wp-content\/uploads\/2026\/02\/Susan-Gasser-Major-Interview-vignette-swisswhoswho.jpg\",\"width\":381,\"height\":283},{\"@type\":\"BreadcrumbList\",\"@id\":\"https:\/\/swisswhoswho.ch\/interviews\/major-interviews-les-grandes-conversations\/major-interview-susan-gasser\/#breadcrumb\",\"itemListElement\":[{\"@type\":\"ListItem\",\"position\":1,\"name\":\"Accueil\",\"item\":\"https:\/\/swisswhoswho.ch\/\"},{\"@type\":\"ListItem\",\"position\":2,\"name\":\"Major Interview &#8211; Susan Gasser\"}]},{\"@type\":\"WebSite\",\"@id\":\"https:\/\/swisswhoswho.ch\/#website\",\"url\":\"https:\/\/swisswhoswho.ch\/\",\"name\":\"Swiss Who's Who\",\"description\":\"\",\"publisher\":{\"@id\":\"https:\/\/swisswhoswho.ch\/#organization\"},\"potentialAction\":[{\"@type\":\"SearchAction\",\"target\":{\"@type\":\"EntryPoint\",\"urlTemplate\":\"https:\/\/swisswhoswho.ch\/?s={search_term_string}\"},\"query-input\":{\"@type\":\"PropertyValueSpecification\",\"valueRequired\":true,\"valueName\":\"search_term_string\"}}],\"inLanguage\":\"es\"},{\"@type\":\"Organization\",\"@id\":\"https:\/\/swisswhoswho.ch\/#organization\",\"name\":\"Swiss Who's Who\",\"url\":\"https:\/\/swisswhoswho.ch\/\",\"logo\":{\"@type\":\"ImageObject\",\"inLanguage\":\"es\",\"@id\":\"https:\/\/swisswhoswho.ch\/#\/schema\/logo\/image\/\",\"url\":\"https:\/\/swisswhoswho.ch\/wp-content\/uploads\/2025\/11\/Logo-SWW.png\",\"contentUrl\":\"https:\/\/swisswhoswho.ch\/wp-content\/uploads\/2025\/11\/Logo-SWW.png\",\"width\":107,\"height\":62,\"caption\":\"Swiss Who's Who\"},\"image\":{\"@id\":\"https:\/\/swisswhoswho.ch\/#\/schema\/logo\/image\/\"}},{\"@type\":\"Person\",\"@id\":\"https:\/\/swisswhoswho.ch\/#\/schema\/person\/a46bd25d558bfb1afce78e6d76be26e2\",\"name\":\"H\u00e9din J\u00e9r\u00e9my\",\"sameAs\":[\"https:\/\/swisswhoswho.ch\"],\"url\":\"https:\/\/swisswhoswho.ch\/es\/author\/devsoo-oo-ch\/\"}]}<\/script>\n<!-- \/ Yoast SEO plugin. -->","yoast_head_json":{"title":"Entrevista principal - Susan Gasser | Qui\u00e9n es qui\u00e9n en Suiza","description":"Entrevista con Susan Gasser: su carrera cient\u00edfica, los avances en gen\u00e9tica y su visi\u00f3n de la investigaci\u00f3n en el centro de la innovaci\u00f3n.","robots":{"index":"index","follow":"follow","max-snippet":"max-snippet:-1","max-image-preview":"max-image-preview:large","max-video-preview":"max-video-preview:-1"},"canonical":"https:\/\/swisswhoswho.ch\/es\/entrevistas\/grandes-entrevistas-las-grandes-conversaciones\/entrevista-principal-susan-gasser\/","og_locale":"es_ES","og_type":"article","og_title":"Interview majeure \u2013 Susan Gasser | Swiss Who\u2019s Who","og_description":"Entretien avec Susan Gasser : parcours scientifique, avanc\u00e9es en g\u00e9n\u00e9tique et vision de la recherche au c\u0153ur de l\u2019innovation.","og_url":"https:\/\/swisswhoswho.ch\/es\/entrevistas\/grandes-entrevistas-las-grandes-conversaciones\/entrevista-principal-susan-gasser\/","og_site_name":"Swiss Who&#039;s Who","article_published_time":"2026-03-02T13:22:59+00:00","article_modified_time":"2026-04-14T13:24:44+00:00","og_image":[{"width":381,"height":283,"url":"https:\/\/swisswhoswho.ch\/wp-content\/uploads\/2026\/02\/Susan-Gasser-Major-Interview-vignette-swisswhoswho.jpg","type":"image\/jpeg"}],"author":"H\u00e9din J\u00e9r\u00e9my","twitter_card":"summary_large_image","twitter_misc":{"Escrito por":"H\u00e9din J\u00e9r\u00e9my","Tiempo de lectura":"6 minutos"},"schema":{"@context":"https:\/\/schema.org","@graph":[{"@type":"Article","@id":"https:\/\/swisswhoswho.ch\/interviews\/major-interviews-les-grandes-conversations\/major-interview-susan-gasser\/#article","isPartOf":{"@id":"https:\/\/swisswhoswho.ch\/interviews\/major-interviews-les-grandes-conversations\/major-interview-susan-gasser\/"},"author":{"name":"H\u00e9din J\u00e9r\u00e9my","@id":"https:\/\/swisswhoswho.ch\/#\/schema\/person\/a46bd25d558bfb1afce78e6d76be26e2"},"headline":"Major Interview &#8211; Susan Gasser","datePublished":"2026-03-02T13:22:59+00:00","dateModified":"2026-04-14T13:24:44+00:00","mainEntityOfPage":{"@id":"https:\/\/swisswhoswho.ch\/interviews\/major-interviews-les-grandes-conversations\/major-interview-susan-gasser\/"},"wordCount":1127,"publisher":{"@id":"https:\/\/swisswhoswho.ch\/#organization"},"image":{"@id":"https:\/\/swisswhoswho.ch\/interviews\/major-interviews-les-grandes-conversations\/major-interview-susan-gasser\/#primaryimage"},"thumbnailUrl":"https:\/\/swisswhoswho.ch\/wp-content\/uploads\/2026\/02\/Susan-Gasser-Major-Interview-vignette-swisswhoswho.jpg","keywords":["\u00c0 la une"],"articleSection":["Major Interviews \u2013 Les grandes conversations"],"inLanguage":"es"},{"@type":"WebPage","@id":"https:\/\/swisswhoswho.ch\/interviews\/major-interviews-les-grandes-conversations\/major-interview-susan-gasser\/","url":"https:\/\/swisswhoswho.ch\/interviews\/major-interviews-les-grandes-conversations\/major-interview-susan-gasser\/","name":"Entrevista principal - Susan Gasser | Qui\u00e9n es qui\u00e9n en Suiza","isPartOf":{"@id":"https:\/\/swisswhoswho.ch\/#website"},"primaryImageOfPage":{"@id":"https:\/\/swisswhoswho.ch\/interviews\/major-interviews-les-grandes-conversations\/major-interview-susan-gasser\/#primaryimage"},"image":{"@id":"https:\/\/swisswhoswho.ch\/interviews\/major-interviews-les-grandes-conversations\/major-interview-susan-gasser\/#primaryimage"},"thumbnailUrl":"https:\/\/swisswhoswho.ch\/wp-content\/uploads\/2026\/02\/Susan-Gasser-Major-Interview-vignette-swisswhoswho.jpg","datePublished":"2026-03-02T13:22:59+00:00","dateModified":"2026-04-14T13:24:44+00:00","description":"Entrevista con Susan Gasser: su carrera cient\u00edfica, los avances en gen\u00e9tica y su visi\u00f3n de la investigaci\u00f3n en el centro de la innovaci\u00f3n.","breadcrumb":{"@id":"https:\/\/swisswhoswho.ch\/interviews\/major-interviews-les-grandes-conversations\/major-interview-susan-gasser\/#breadcrumb"},"inLanguage":"es","potentialAction":[{"@type":"ReadAction","target":["https:\/\/swisswhoswho.ch\/interviews\/major-interviews-les-grandes-conversations\/major-interview-susan-gasser\/"]}]},{"@type":"ImageObject","inLanguage":"es","@id":"https:\/\/swisswhoswho.ch\/interviews\/major-interviews-les-grandes-conversations\/major-interview-susan-gasser\/#primaryimage","url":"https:\/\/swisswhoswho.ch\/wp-content\/uploads\/2026\/02\/Susan-Gasser-Major-Interview-vignette-swisswhoswho.jpg","contentUrl":"https:\/\/swisswhoswho.ch\/wp-content\/uploads\/2026\/02\/Susan-Gasser-Major-Interview-vignette-swisswhoswho.jpg","width":381,"height":283},{"@type":"BreadcrumbList","@id":"https:\/\/swisswhoswho.ch\/interviews\/major-interviews-les-grandes-conversations\/major-interview-susan-gasser\/#breadcrumb","itemListElement":[{"@type":"ListItem","position":1,"name":"Accueil","item":"https:\/\/swisswhoswho.ch\/"},{"@type":"ListItem","position":2,"name":"Major Interview &#8211; Susan Gasser"}]},{"@type":"WebSite","@id":"https:\/\/swisswhoswho.ch\/#website","url":"https:\/\/swisswhoswho.ch\/","name":"Qui\u00e9n es qui\u00e9n en Suiza","description":"","publisher":{"@id":"https:\/\/swisswhoswho.ch\/#organization"},"potentialAction":[{"@type":"SearchAction","target":{"@type":"EntryPoint","urlTemplate":"https:\/\/swisswhoswho.ch\/?s={search_term_string}"},"query-input":{"@type":"PropertyValueSpecification","valueRequired":true,"valueName":"search_term_string"}}],"inLanguage":"es"},{"@type":"Organization","@id":"https:\/\/swisswhoswho.ch\/#organization","name":"Qui\u00e9n es qui\u00e9n en Suiza","url":"https:\/\/swisswhoswho.ch\/","logo":{"@type":"ImageObject","inLanguage":"es","@id":"https:\/\/swisswhoswho.ch\/#\/schema\/logo\/image\/","url":"https:\/\/swisswhoswho.ch\/wp-content\/uploads\/2025\/11\/Logo-SWW.png","contentUrl":"https:\/\/swisswhoswho.ch\/wp-content\/uploads\/2025\/11\/Logo-SWW.png","width":107,"height":62,"caption":"Swiss Who's Who"},"image":{"@id":"https:\/\/swisswhoswho.ch\/#\/schema\/logo\/image\/"}},{"@type":"Person","@id":"https:\/\/swisswhoswho.ch\/#\/schema\/person\/a46bd25d558bfb1afce78e6d76be26e2","name":"H\u00e9din J\u00e9r\u00e9my","sameAs":["https:\/\/swisswhoswho.ch"],"url":"https:\/\/swisswhoswho.ch\/es\/author\/devsoo-oo-ch\/"}]}},"_links":{"self":[{"href":"https:\/\/swisswhoswho.ch\/es\/wp-json\/wp\/v2\/posts\/1609","targetHints":{"allow":["GET"]}}],"collection":[{"href":"https:\/\/swisswhoswho.ch\/es\/wp-json\/wp\/v2\/posts"}],"about":[{"href":"https:\/\/swisswhoswho.ch\/es\/wp-json\/wp\/v2\/types\/post"}],"author":[{"embeddable":true,"href":"https:\/\/swisswhoswho.ch\/es\/wp-json\/wp\/v2\/users\/1"}],"replies":[{"embeddable":true,"href":"https:\/\/swisswhoswho.ch\/es\/wp-json\/wp\/v2\/comments?post=1609"}],"version-history":[{"count":6,"href":"https:\/\/swisswhoswho.ch\/es\/wp-json\/wp\/v2\/posts\/1609\/revisions"}],"predecessor-version":[{"id":1628,"href":"https:\/\/swisswhoswho.ch\/es\/wp-json\/wp\/v2\/posts\/1609\/revisions\/1628"}],"wp:featuredmedia":[{"embeddable":true,"href":"https:\/\/swisswhoswho.ch\/es\/wp-json\/wp\/v2\/media\/1626"}],"wp:attachment":[{"href":"https:\/\/swisswhoswho.ch\/es\/wp-json\/wp\/v2\/media?parent=1609"}],"wp:term":[{"taxonomy":"category","embeddable":true,"href":"https:\/\/swisswhoswho.ch\/es\/wp-json\/wp\/v2\/categories?post=1609"},{"taxonomy":"post_tag","embeddable":true,"href":"https:\/\/swisswhoswho.ch\/es\/wp-json\/wp\/v2\/tags?post=1609"}],"curies":[{"name":"wp","href":"https:\/\/api.w.org\/{rel}","templated":true}]}}