{"id":971,"date":"2026-01-07T14:37:16","date_gmt":"2026-01-07T13:37:16","guid":{"rendered":"https:\/\/swisswhoswho.ch\/?p=971"},"modified":"2026-04-14T15:25:04","modified_gmt":"2026-04-14T13:25:04","slug":"entrevista-principal-mirjam-staub-bisang","status":"publish","type":"post","link":"https:\/\/swisswhoswho.ch\/es\/entrevistas\/grandes-entrevistas-las-grandes-conversaciones\/entrevista-principal-mirjam-staub-bisang\/","title":{"rendered":"Entrevista principal - Mirjam Staub-Bisang"},"content":{"rendered":"<div data-elementor-type=\"wp-post\" data-elementor-id=\"971\" class=\"elementor elementor-971\" data-elementor-post-type=\"post\">\n\t\t\t\t<div class=\"elementor-element elementor-element-e4417e3 e-flex e-con-boxed e-con e-parent\" data-id=\"e4417e3\" data-element_type=\"container\" data-e-type=\"container\">\n\t\t\t\t\t<div class=\"e-con-inner\">\n\t\t<div class=\"elementor-element elementor-element-15220d9 e-con-full e-flex e-con e-child\" data-id=\"15220d9\" data-element_type=\"container\" data-e-type=\"container\">\n\t\t\t\t<div class=\"elementor-element elementor-element-fc3e4fa elementor-widget__width-initial elementor-widget elementor-widget-heading\" data-id=\"fc3e4fa\" data-element_type=\"widget\" data-e-type=\"widget\" data-widget_type=\"heading.default\">\n\t\t\t\t\t<h2 class=\"elementor-heading-title elementor-size-default\">1<\/h2>\t\t\t\t<\/div>\n\t\t<div class=\"elementor-element elementor-element-01034c4 e-con-full e-flex e-con e-child\" data-id=\"01034c4\" data-element_type=\"container\" data-e-type=\"container\">\n\t\t\t\t<div class=\"elementor-element elementor-element-10851c0 elementor-widget elementor-widget-heading\" data-id=\"10851c0\" data-element_type=\"widget\" data-e-type=\"widget\" data-widget_type=\"heading.default\">\n\t\t\t\t\t<h4 class=\"elementor-heading-title elementor-size-default\">La strat\u00e9gie \u00e0 l\u2019\u00e8re de l\u2019incertitude<\/h4>\t\t\t\t<\/div>\n\t\t\t\t<div class=\"elementor-element elementor-element-fc23162 elementor-widget__width-auto elementor-widget elementor-widget-text-editor\" data-id=\"fc23162\" data-element_type=\"widget\" data-e-type=\"widget\" data-widget_type=\"text-editor.default\">\n\t\t\t\t\t\t\t\t\t<p><strong>Les march\u00e9s financiers traversent une p\u00e9riode marqu\u00e9e par l\u2019incertitude \u2014 entre tensions g\u00e9opolitiques, inflation persistante et politiques mon\u00e9taires restrictives. Comment BlackRock Suisse adapte-t-elle sa strat\u00e9gie d\u2019investissement pour accompagner ses clients dans un environnement aussi complexe et changeant ?<\/strong><\/p>\t\t\t\t\t\t\t\t<\/div>\n\t\t\t\t<\/div>\n\t\t\t\t<\/div>\n\t\t\t\t<div class=\"elementor-element elementor-element-02b1afc elementor-widget elementor-widget-text-editor\" data-id=\"02b1afc\" data-element_type=\"widget\" data-e-type=\"widget\" data-widget_type=\"text-editor.default\">\n\t\t\t\t\t\t\t\t\t<p>Dans un contexte d\u00e9fini par les tensions g\u00e9opolitiques, l\u2019inflation persistante et l\u2019incertitude politique, notre priorit\u00e9 en Suisse reste claire : aider nos clients \u00e0 prendre du recul face au bruit ambiant et \u00e0 rester concentr\u00e9s sur les objectifs \u00e0 long terme.<\/p><p>Chez BlackRock, nous estimons que la strat\u00e9gie la plus efficace en p\u00e9riode d\u2019incertitude consiste \u00e0 se concentrer sur les forces structurelles qui transforment les \u00e9conomies et les march\u00e9s. Nous identifions des m\u00e9ga-forces telles que la num\u00e9risation et l\u2019intelligence artificielle, les \u00e9volutions d\u00e9mographiques et la transition vers une \u00e9conomie d\u00e9carbon\u00e9e comme des moteurs de croissance et de cr\u00e9ation de valeur \u00e0 long terme. Ces tendances transforment les industries, influencent les flux de capitaux et red\u00e9finissent la comp\u00e9titivit\u00e9 des \u00e9conomies.<\/p><p>Notre r\u00f4le est d\u2019aider nos clients \u00e0 naviguer dans ces changements \u2014 en leur donnant acc\u00e8s \u00e0 un large \u00e9ventail d\u2019opportunit\u00e9s d\u2019investissement sur les march\u00e9s publics et priv\u00e9s, et en combinant expertise mondiale et connaissance locale. En r\u00e9sum\u00e9, nous restons ancr\u00e9s dans notre conviction de long terme : les investisseurs qui alignent leurs portefeuilles sur des tendances structurelles durables sont mieux positionn\u00e9s pour atteindre leurs objectifs financiers, m\u00eame \u00e0 l\u2019\u00e8re de l\u2019incertitude.<\/p>\t\t\t\t\t\t\t\t<\/div>\n\t\t\t\t\t<\/div>\n\t\t\t\t<\/div>\n\t\t<div class=\"elementor-element elementor-element-eb436b8 e-flex e-con-boxed e-con e-parent\" data-id=\"eb436b8\" data-element_type=\"container\" data-e-type=\"container\">\n\t\t\t\t\t<div class=\"e-con-inner\">\n\t\t<div class=\"elementor-element elementor-element-dfbc09b e-con-full e-flex e-con e-child\" data-id=\"dfbc09b\" data-element_type=\"container\" data-e-type=\"container\">\n\t\t\t\t<div class=\"elementor-element elementor-element-91ea054 elementor-widget__width-initial elementor-widget elementor-widget-heading\" data-id=\"91ea054\" data-element_type=\"widget\" data-e-type=\"widget\" data-widget_type=\"heading.default\">\n\t\t\t\t\t<h2 class=\"elementor-heading-title elementor-size-default\">2<\/h2>\t\t\t\t<\/div>\n\t\t<div class=\"elementor-element elementor-element-f7472b7 e-con-full e-flex e-con e-child\" data-id=\"f7472b7\" data-element_type=\"container\" data-e-type=\"container\">\n\t\t\t\t<div class=\"elementor-element elementor-element-cf0e515 elementor-widget elementor-widget-heading\" data-id=\"cf0e515\" data-element_type=\"widget\" data-e-type=\"widget\" data-widget_type=\"heading.default\">\n\t\t\t\t\t<h4 class=\"elementor-heading-title elementor-size-default\">Entre ambition durable et rendement r\u00e9el<\/h4>\t\t\t\t<\/div>\n\t\t\t\t<div class=\"elementor-element elementor-element-b40b6d1 elementor-widget__width-auto elementor-widget elementor-widget-text-editor\" data-id=\"b40b6d1\" data-element_type=\"widget\" data-e-type=\"widget\" data-widget_type=\"text-editor.default\">\n\t\t\t\t\t\t\t\t\t<p>L\u2019investissement durable a \u00e9t\u00e9 mis sous pression ces derni\u00e8res ann\u00e9es. Est-il toujours au c\u0153ur des pr\u00e9occupations des investisseurs ou est-il en perte de vitesse ?<\/p>\t\t\t\t\t\t\t\t<\/div>\n\t\t\t\t<\/div>\n\t\t\t\t<\/div>\n\t\t\t\t<div class=\"elementor-element elementor-element-47f9527 elementor-widget elementor-widget-text-editor\" data-id=\"47f9527\" data-element_type=\"widget\" data-e-type=\"widget\" data-widget_type=\"text-editor.default\">\n\t\t\t\t\t\t\t\t\t<p>En tant que fiduciaire, BlackRock investit pour le compte de ses clients afin de les aider \u00e0 atteindre leurs objectifs d\u2019investissement. Notre priorit\u00e9 est de comprendre et de g\u00e9rer les risques, d\u2019anticiper les besoins de nos clients et de les accompagner dans la r\u00e9alisation de leurs objectifs \u00e0 long terme. BlackRock est une entreprise fond\u00e9e sur les principes de la gestion des risques, afin de permettre une prise de d\u00e9cision plus \u00e9clair\u00e9e dans l\u2019investissement des capitaux de nos clients.<\/p><p>De la m\u00eame mani\u00e8re que nous analysons les risques g\u00e9opolitiques, d\u00e9mographiques ou li\u00e9s aux taux d\u2019int\u00e9r\u00eat, le risque climatique est un risque d\u2019investissement que nos \u00e9quipes \u00e9valuent dans l\u2019ex\u00e9cution des mandats de nos clients. Nous sommes constants sur ce point depuis notre premi\u00e8re lettre aux clients sur ce sujet en 2020.<\/p><p>L\u2019investissement durable reste donc pleinement d\u2019actualit\u00e9. L\u2019une des convictions d\u2019investissement de BlackRock est que la transition \u00e9nerg\u00e9tique constitue une m\u00e9ga-force qui fa\u00e7onne les \u00e9conomies. Nous constatons que le syst\u00e8me \u00e9nerg\u00e9tique se situe de plus en plus au croisement de grandes tendances telles que l\u2019IA, la fragmentation g\u00e9opolitique et la transition bas-carbone.<\/p><p>Le BlackRock Investment Institute pr\u00e9voit que la croissance des \u00e9nergies traditionnelles comme renouvelables sera n\u00e9cessaire pour r\u00e9pondre \u00e0 la forte hausse de la demande mondiale d\u2019\u00e9lectricit\u00e9 \u2014 notamment pour des capacit\u00e9s \u00e0 grande \u00e9chelle \u2014 tir\u00e9e par le d\u00e9veloppement de l\u2019IA et l\u2019augmentation des besoins en refroidissement dans les march\u00e9s \u00e9mergents. Les \u00e9nergies renouvelables contribuent \u00e0 r\u00e9pondre \u00e0 cette nouvelle demande plut\u00f4t que de se substituer aux \u00e9nergies traditionnelles.<\/p><p>De nombreux grands clients europ\u00e9ens poursuivent la d\u00e9carbonation comme objectif d\u2019investissement ou ont pris des engagements de neutralit\u00e9 carbone. L\u2019investissement durable et de transition est donc une priorit\u00e9 pour eux. Illustrant la pertinence de nos capacit\u00e9s, ils ont confi\u00e9 \u00e0 BlackRock la gestion de 1 000 milliards d\u2019euros d\u2019actifs durables et de transition \u00e0 l\u2019\u00e9chelle mondiale, soit une augmentation de 850 % entre 2019 et 2024.<\/p><p>Notre large gamme de solutions soutient \u00e9galement cette dynamique. Avec plus de 400 ETF iShares durables dans le monde, les investisseurs peuvent acc\u00e9der \u00e0 des expositions durables de mani\u00e8re transparente, efficace et \u00e9volutive \u2014 garantissant des solutions \u00e0 chaque \u00e9tape de leur parcours en mati\u00e8re de durabilit\u00e9.<\/p><p>Dans ce contexte, les opportunit\u00e9s d\u2019investissement sont nombreuses. Mais compte tenu de la complexit\u00e9, nous estimons que les investisseurs doivent adopter une approche s\u00e9lective, active et fond\u00e9e sur les donn\u00e9es pour naviguer dans ce paysage \u00e9nerg\u00e9tique en constante \u00e9volution.<\/p>\t\t\t\t\t\t\t\t<\/div>\n\t\t\t\t\t<\/div>\n\t\t\t\t<\/div>\n\t\t<div class=\"elementor-element elementor-element-bb20999 e-flex e-con-boxed e-con e-parent\" data-id=\"bb20999\" data-element_type=\"container\" data-e-type=\"container\">\n\t\t\t\t\t<div class=\"e-con-inner\">\n\t\t<div class=\"elementor-element elementor-element-7b64be3 e-con-full e-flex e-con e-child\" data-id=\"7b64be3\" data-element_type=\"container\" data-e-type=\"container\">\n\t\t\t\t<div class=\"elementor-element elementor-element-853efc8 elementor-widget__width-initial elementor-widget elementor-widget-heading\" data-id=\"853efc8\" data-element_type=\"widget\" data-e-type=\"widget\" data-widget_type=\"heading.default\">\n\t\t\t\t\t<h2 class=\"elementor-heading-title elementor-size-default\">3<\/h2>\t\t\t\t<\/div>\n\t\t<div class=\"elementor-element elementor-element-ec38aa2 e-con-full e-flex e-con e-child\" data-id=\"ec38aa2\" data-element_type=\"container\" data-e-type=\"container\">\n\t\t\t\t<div class=\"elementor-element elementor-element-47b85e5 elementor-widget elementor-widget-heading\" data-id=\"47b85e5\" data-element_type=\"widget\" data-e-type=\"widget\" data-widget_type=\"heading.default\">\n\t\t\t\t\t<h4 class=\"elementor-heading-title elementor-size-default\">L\u2019intelligence artificielle \u2014 la nouvelle fronti\u00e8re de la finance<\/h4>\t\t\t\t<\/div>\n\t\t\t\t<div class=\"elementor-element elementor-element-73322bb elementor-widget__width-auto elementor-widget elementor-widget-text-editor\" data-id=\"73322bb\" data-element_type=\"widget\" data-e-type=\"widget\" data-widget_type=\"text-editor.default\">\n\t\t\t\t\t\t\t\t\t<p>La technologie, et en particulier l\u2019intelligence artificielle, transforme en profondeur le secteur de la gestion d\u2019actifs. Comment BlackRock exploite-t-elle d\u00e9j\u00e0 l\u2019IA dans ses op\u00e9rations, et jusqu\u2019o\u00f9 l\u2019automatisation peut-elle am\u00e9liorer les d\u00e9cisions d\u2019investissement sans perdre la dimension humaine ?<\/p>\t\t\t\t\t\t\t\t<\/div>\n\t\t\t\t<\/div>\n\t\t\t\t<\/div>\n\t\t\t\t<div class=\"elementor-element elementor-element-c02271e elementor-widget elementor-widget-text-editor\" data-id=\"c02271e\" data-element_type=\"widget\" data-e-type=\"widget\" data-widget_type=\"text-editor.default\">\n\t\t\t\t\t\t\t\t\t<p>L\u2019intelligence artificielle fait partie des processus d\u2019investissement et des technologies d\u2019investissement de BlackRock depuis de nombreuses ann\u00e9es. Elle joue un r\u00f4le cl\u00e9 dans l\u2019\u00e9volution de l\u2019approche d\u2019investissement syst\u00e9matique de BlackRock depuis pr\u00e8s de deux d\u00e9cennies, les investisseurs de nos strat\u00e9gies alpha syst\u00e9matiques s\u2019appuyant sur l\u2019IA pour naviguer parmi les th\u00e8mes qui influencent les march\u00e9s et extraire des informations d\u2019investissement \u00e0 partir de donn\u00e9es textuelles.<\/p><p>Les \u00e9quipes utilisent des mod\u00e8les de langage de grande taille pour am\u00e9liorer la pr\u00e9cision de l\u2019analyse textuelle et affiner la construction de portefeuilles th\u00e9matiques. L\u2019IA \u2014 y compris l\u2019apprentissage automatique et le traitement du langage naturel \u2014 est \u00e9galement au c\u0153ur de nos technologies de gestion des investissements et des risques Aladdin (Enterprise et Wealth) et eFront, avec un accent particulier sur une gouvernance robuste, le d\u00e9veloppement de produits centr\u00e9s sur les clients et l\u2019exp\u00e9rience utilisateur.<\/p><p>Nous sommes convaincus que l\u2019IA constitue une m\u00e9ga-force de long terme, dont les implications se feront sentir largement, au-del\u00e0 des fronti\u00e8res et des secteurs. L\u2019automatisation renforce l\u2019\u00e9chelle et la pr\u00e9cision tout en consolidant la dimension humaine, en lib\u00e9rant du temps pour un engagement client plus approfondi et de meilleurs r\u00e9sultats.<\/p>\t\t\t\t\t\t\t\t<\/div>\n\t\t\t\t\t<\/div>\n\t\t\t\t<\/div>\n\t\t<div class=\"elementor-element elementor-element-2002d29 e-flex e-con-boxed e-con e-parent\" data-id=\"2002d29\" data-element_type=\"container\" data-e-type=\"container\">\n\t\t\t\t\t<div class=\"e-con-inner\">\n\t\t<div class=\"elementor-element elementor-element-64d688f e-con-full e-flex e-con e-child\" data-id=\"64d688f\" data-element_type=\"container\" data-e-type=\"container\">\n\t\t\t\t<div class=\"elementor-element elementor-element-25c4fec elementor-widget__width-initial elementor-widget elementor-widget-heading\" data-id=\"25c4fec\" data-element_type=\"widget\" data-e-type=\"widget\" data-widget_type=\"heading.default\">\n\t\t\t\t\t<h2 class=\"elementor-heading-title elementor-size-default\">4<\/h2>\t\t\t\t<\/div>\n\t\t<div class=\"elementor-element elementor-element-d1af6d2 e-con-full e-flex e-con e-child\" data-id=\"d1af6d2\" data-element_type=\"container\" data-e-type=\"container\">\n\t\t\t\t<div class=\"elementor-element elementor-element-2ac881b elementor-widget elementor-widget-heading\" data-id=\"2ac881b\" data-element_type=\"widget\" data-e-type=\"widget\" data-widget_type=\"heading.default\">\n\t\t\t\t\t<h4 class=\"elementor-heading-title elementor-size-default\">L\u2019\u00e9volution des attentes des investisseurs<\/h4>\t\t\t\t<\/div>\n\t\t\t\t<div class=\"elementor-element elementor-element-3e275b8 elementor-widget__width-auto elementor-widget elementor-widget-text-editor\" data-id=\"3e275b8\" data-element_type=\"widget\" data-e-type=\"widget\" data-widget_type=\"text-editor.default\">\n\t\t\t\t\t\t\t\t\t<p>Alors que les investisseurs suisses recherchent de plus en plus de transparence, d\u2019accessibilit\u00e9 et de solutions align\u00e9es sur leurs objectifs \u00e0 long terme \u2014 et pas uniquement sur la performance financi\u00e8re \u2014 quelles tendances observez-vous et comment BlackRock adapte-t-elle son offre ?<\/p>\t\t\t\t\t\t\t\t<\/div>\n\t\t\t\t<\/div>\n\t\t\t\t<\/div>\n\t\t\t\t<div class=\"elementor-element elementor-element-07608a2 elementor-widget elementor-widget-text-editor\" data-id=\"07608a2\" data-element_type=\"widget\" data-e-type=\"widget\" data-widget_type=\"text-editor.default\">\n\t\t\t\t\t\t\t\t\t<p>Les clients font confiance \u00e0 BlackRock pour une gamme compl\u00e8te de solutions couvrant les march\u00e9s publics et priv\u00e9s, les strat\u00e9gies actives et indicielle, ainsi que des options telles que les investissements durables et de transition. Nous adaptons en permanence notre offre \u00e0 ces nouvelles attentes.<\/p><p>Actuellement, deux grandes tendances \u00e9mergent en Suisse : la \u00ab d\u00e9mocratisation \u00bb des plans d\u2019\u00e9pargne en ETF et l\u2019acc\u00e8s aux march\u00e9s priv\u00e9s.<\/p><p>L\u2019utilisation des ETF dans les plans d\u2019\u00e9pargne a \u00e9t\u00e9 d\u00e9mocratis\u00e9e en 2024 gr\u00e2ce aux options d\u2019achats r\u00e9currents et aux fonctionnalit\u00e9s de fractionnement, permettant des investissements plus accessibles, transparents et rentables. La constitution d\u2019un patrimoine repose sur la r\u00e9gularit\u00e9, et non sur le timing du march\u00e9. Faire de l\u2019investissement une habitude, m\u00eame avec de petits montants investis r\u00e9guli\u00e8rement ind\u00e9pendamment des fluctuations de march\u00e9, est l\u2019un des moyens les plus efficaces d\u2019atteindre le bien-\u00eatre financier \u00e0 long terme.<\/p><p>Dans l\u2019univers des march\u00e9s priv\u00e9s, BlackRock a jou\u00e9 un r\u00f4le de premier plan dans le d\u00e9ploiement des fonds d\u2019actifs \u00e0 long terme et des fonds europ\u00e9ens d\u2019investissement \u00e0 long terme (LTAF et ELTIF), offrant pour la premi\u00e8re fois aux investisseurs individuels un acc\u00e8s aux march\u00e9s priv\u00e9s, avec des montants d\u2019investissement plus faibles et une certaine liquidit\u00e9. La nouvelle r\u00e9glementation ELTIF 2.0 permet aux investisseurs de g\u00e9rer dynamiquement leur allocation d\u2019actifs, y compris les investissements en march\u00e9s priv\u00e9s, sans devoir immobiliser leur capital pendant huit ans ou plus.<\/p>\t\t\t\t\t\t\t\t<\/div>\n\t\t\t\t\t<\/div>\n\t\t\t\t<\/div>\n\t\t<div class=\"elementor-element elementor-element-9302aff e-flex e-con-boxed e-con e-parent\" data-id=\"9302aff\" data-element_type=\"container\" data-e-type=\"container\">\n\t\t\t\t\t<div class=\"e-con-inner\">\n\t\t<div class=\"elementor-element elementor-element-592651d e-con-full e-flex e-con e-child\" data-id=\"592651d\" data-element_type=\"container\" data-e-type=\"container\">\n\t\t\t\t<div class=\"elementor-element elementor-element-39398fe elementor-widget__width-initial elementor-widget elementor-widget-heading\" data-id=\"39398fe\" data-element_type=\"widget\" data-e-type=\"widget\" data-widget_type=\"heading.default\">\n\t\t\t\t\t<h2 class=\"elementor-heading-title elementor-size-default\">5<\/h2>\t\t\t\t<\/div>\n\t\t<div class=\"elementor-element elementor-element-4b394e5 e-con-full e-flex e-con e-child\" data-id=\"4b394e5\" data-element_type=\"container\" data-e-type=\"container\">\n\t\t\t\t<div class=\"elementor-element elementor-element-cf580d7 elementor-widget elementor-widget-heading\" data-id=\"cf580d7\" data-element_type=\"widget\" data-e-type=\"widget\" data-widget_type=\"heading.default\">\n\t\t\t\t\t<h4 class=\"elementor-heading-title elementor-size-default\">L\u2019\u00e9tat d\u2019esprit de la NextGen<\/h4>\t\t\t\t<\/div>\n\t\t\t\t<div class=\"elementor-element elementor-element-e86d1ed elementor-widget__width-auto elementor-widget elementor-widget-text-editor\" data-id=\"e86d1ed\" data-element_type=\"widget\" data-e-type=\"widget\" data-widget_type=\"text-editor.default\">\n\t\t\t\t\t\t\t\t\t<p>Lorsque vous \u00e9changez avec les jeunes g\u00e9n\u00e9rations d\u2019investisseurs, beaucoup expriment le d\u00e9sir \u00ab d\u2019investir diff\u00e9remment \u00bb. Que signifie cela concr\u00e8tement et que recherchent r\u00e9ellement les NextGen dans la gestion de leur patrimoine ?<\/p>\t\t\t\t\t\t\t\t<\/div>\n\t\t\t\t<\/div>\n\t\t\t\t<\/div>\n\t\t\t\t<div class=\"elementor-element elementor-element-9a1cc97 elementor-widget elementor-widget-text-editor\" data-id=\"9a1cc97\" data-element_type=\"widget\" data-e-type=\"widget\" data-widget_type=\"text-editor.default\">\n\t\t\t\t\t\t\t\t\t<p>Selon l\u2019\u00e9tude People &amp; Money de BlackRock, men\u00e9e avec YouGov en 2025, la Suisse compte 1,2 million d\u2019investisseurs en ETF, soit presque le double depuis 2022. L\u2019adoption des ETF figure parmi les plus \u00e9lev\u00e9es d\u2019Europe, avec 35 % des investisseurs qui y ont recours. Les 18\u201334 ans privil\u00e9gient la simplicit\u00e9 et la facilit\u00e9 d\u2019acc\u00e8s : 30 % d\u00e9clarent qu\u2019ils investissent dans les ETF parce qu\u2019ils n\u2019ont besoin d\u2019acheter qu\u2019un seul fonds, contre 16 % chez les investisseurs \u00e2g\u00e9s de 35 ans et plus. Combin\u00e9 \u00e0 l\u2019acc\u00e8s num\u00e9rique aux investissements, cela constitue le principal moteur de la croissance continue des jeunes investisseurs en ETF.<\/p><p>Selon l\u2019\u00e9tude People &amp; Money: Spotlight on Crypto de BlackRock, les crypto-actifs jouent \u00e9galement un r\u00f4le de plus en plus central pour la g\u00e9n\u00e9ration Z. La Suisse affiche d\u00e9j\u00e0 l\u2019un des taux d\u2019adoption les plus \u00e9lev\u00e9s d\u2019Europe, avec 34 % des investisseurs d\u00e9tenant des actifs crypto, une proportion en forte croissance. Pour les investisseurs NextGen, les crypto-actifs ne sont pas seulement per\u00e7us comme un pari sp\u00e9culatif, mais aussi comme un moyen de participer \u00e0 l\u2019innovation. Il est important de noter que la prochaine vague d\u2019adoption devient plus diversifi\u00e9e, avec davantage de femmes et une palette plus large d\u2019objectifs d\u2019investissement \u2014 de la croissance \u00e0 long terme \u00e0 la diversification.<\/p>\t\t\t\t\t\t\t\t<\/div>\n\t\t\t\t\t<\/div>\n\t\t\t\t<\/div>\n\t\t<div class=\"elementor-element elementor-element-dedc008 e-flex e-con-boxed e-con e-parent\" data-id=\"dedc008\" data-element_type=\"container\" data-e-type=\"container\">\n\t\t\t\t\t<div class=\"e-con-inner\">\n\t\t<div class=\"elementor-element elementor-element-501d217 e-con-full e-flex e-con e-child\" data-id=\"501d217\" data-element_type=\"container\" data-e-type=\"container\">\n\t\t\t\t<div class=\"elementor-element elementor-element-4486d59 elementor-widget__width-initial elementor-widget elementor-widget-heading\" data-id=\"4486d59\" data-element_type=\"widget\" data-e-type=\"widget\" data-widget_type=\"heading.default\">\n\t\t\t\t\t<h2 class=\"elementor-heading-title elementor-size-default\">6<\/h2>\t\t\t\t<\/div>\n\t\t<div class=\"elementor-element elementor-element-2c32b27 e-con-full e-flex e-con e-child\" data-id=\"2c32b27\" data-element_type=\"container\" data-e-type=\"container\">\n\t\t\t\t<div class=\"elementor-element elementor-element-e08cd71 elementor-widget elementor-widget-heading\" data-id=\"e08cd71\" data-element_type=\"widget\" data-e-type=\"widget\" data-widget_type=\"heading.default\">\n\t\t\t\t\t<h4 class=\"elementor-heading-title elementor-size-default\">La diversit\u00e9 comme moteur de changement<\/h4>\t\t\t\t<\/div>\n\t\t\t\t<div class=\"elementor-element elementor-element-cc9f100 elementor-widget__width-auto elementor-widget elementor-widget-text-editor\" data-id=\"cc9f100\" data-element_type=\"widget\" data-e-type=\"widget\" data-widget_type=\"text-editor.default\">\n\t\t\t\t\t\t\t\t\t<p>Vous \u00eates l\u2019une des dirigeantes les plus influentes du secteur financier suisse. Pourtant, les femmes restent sous-repr\u00e9sent\u00e9es dans la finance, en particulier aux postes de direction. Quelles mesures concr\u00e8tes sont n\u00e9cessaires pour transformer la culture du secteur et favoriser un leadership plus inclusif et diversifi\u00e9 ?<\/p>\t\t\t\t\t\t\t\t<\/div>\n\t\t\t\t<\/div>\n\t\t\t\t<\/div>\n\t\t\t\t<div class=\"elementor-element elementor-element-37836e3 elementor-widget elementor-widget-text-editor\" data-id=\"37836e3\" data-element_type=\"widget\" data-e-type=\"widget\" data-widget_type=\"text-editor.default\">\n\t\t\t\t\t\t\t\t\t<p>Le secteur a progress\u00e9, mais il reste encore du chemin \u00e0 parcourir. Ce qui fait la diff\u00e9rence, c\u2019est le passage de l\u2019intention \u00e0 l\u2019action : cr\u00e9er des environnements o\u00f9 les diff\u00e9rentes perspectives sont valoris\u00e9es, garantir un acc\u00e8s \u00e9quitable aux opportunit\u00e9s et soutenir des parcours professionnels flexibles permettant \u00e0 tous les talents de s\u2019\u00e9panouir. Chez BlackRock, nous disposons de talents exceptionnels, femmes et hommes, et nous mettons en \u0153uvre des mesures cibl\u00e9es pour les fid\u00e9liser, accompagner leur d\u00e9veloppement et leur permettre de s\u2019\u00e9panouir sur le long terme.<\/p>\t\t\t\t\t\t\t\t<\/div>\n\t\t\t\t\t<\/div>\n\t\t\t\t<\/div>\n\t\t<div class=\"elementor-element elementor-element-f550bdf e-flex e-con-boxed e-con e-parent\" data-id=\"f550bdf\" data-element_type=\"container\" data-e-type=\"container\">\n\t\t\t\t\t<div class=\"e-con-inner\">\n\t\t<div class=\"elementor-element elementor-element-13a5e47 e-con-full e-flex e-con e-child\" data-id=\"13a5e47\" data-element_type=\"container\" data-e-type=\"container\">\n\t\t\t\t<div class=\"elementor-element elementor-element-8e518cd elementor-widget__width-initial elementor-widget elementor-widget-heading\" data-id=\"8e518cd\" data-element_type=\"widget\" data-e-type=\"widget\" data-widget_type=\"heading.default\">\n\t\t\t\t\t<h2 class=\"elementor-heading-title elementor-size-default\">7<\/h2>\t\t\t\t<\/div>\n\t\t<div class=\"elementor-element elementor-element-4e08d7a e-con-full e-flex e-con e-child\" data-id=\"4e08d7a\" data-element_type=\"container\" data-e-type=\"container\">\n\t\t\t\t<div class=\"elementor-element elementor-element-d657242 elementor-widget elementor-widget-heading\" data-id=\"d657242\" data-element_type=\"widget\" data-e-type=\"widget\" data-widget_type=\"heading.default\">\n\t\t\t\t\t<h4 class=\"elementor-heading-title elementor-size-default\">L\u2019avenir de la place financi\u00e8re suisse<\/h4>\t\t\t\t<\/div>\n\t\t\t\t<div class=\"elementor-element elementor-element-7b6011c elementor-widget__width-auto elementor-widget elementor-widget-text-editor\" data-id=\"7b6011c\" data-element_type=\"widget\" data-e-type=\"widget\" data-widget_type=\"text-editor.default\">\n\t\t\t\t\t\t\t\t\t<p>Dans un contexte de concurrence mondiale accrue et de turbulences g\u00e9opolitiques persistantes, la Suisse demeure une place financi\u00e8re mondiale majeure \u2014 mais qui doit continuellement \u00e9voluer. Quels sont, selon vous, les principaux d\u00e9fis et opportunit\u00e9s pour la place financi\u00e8re suisse au cours de la prochaine d\u00e9cennie ?<\/p>\t\t\t\t\t\t\t\t<\/div>\n\t\t\t\t<\/div>\n\t\t\t\t<\/div>\n\t\t\t\t<div class=\"elementor-element elementor-element-7ebe0ba elementor-widget elementor-widget-text-editor\" data-id=\"7ebe0ba\" data-element_type=\"widget\" data-e-type=\"widget\" data-widget_type=\"text-editor.default\">\n\t\t\t\t\t\t\t\t\t<p>Dans un environnement hautement concurrentiel, notamment face \u00e0 des centres financiers comme Singapour, Duba\u00ef ou Abou Dhabi en forte croissance, la Suisse dispose de nombreux atouts : stabilit\u00e9 politique, politiques favorables aux entreprises et \u00e0 l\u2019innovation, et un r\u00e9gime fiscal fiable. Elle b\u00e9n\u00e9ficie \u00e9galement d\u2019institutions acad\u00e9miques de premier plan et, gr\u00e2ce \u00e0 son syst\u00e8me d\u2019apprentissage bien \u00e9tabli, d\u2019un vaste vivier de jeunes professionnels hautement qualifi\u00e9s. Le professionnalisme et la tradition internationale de son secteur des services financiers demeurent des atouts cl\u00e9s. Il sera \u00e9galement essentiel pour la Suisse de favoriser un cadre r\u00e9glementaire adapt\u00e9 afin de conserver son avance dans le domaine des actifs num\u00e9riques, o\u00f9 elle a toujours \u00e9t\u00e9 pionni\u00e8re.<\/p>\t\t\t\t\t\t\t\t<\/div>\n\t\t\t\t\t<\/div>\n\t\t\t\t<\/div>\n\t\t<div class=\"elementor-element elementor-element-5e0f148 e-flex e-con-boxed e-con e-parent\" data-id=\"5e0f148\" data-element_type=\"container\" data-e-type=\"container\">\n\t\t\t\t\t<div class=\"e-con-inner\">\n\t\t<div class=\"elementor-element elementor-element-089db22 e-con-full e-flex e-con e-child\" data-id=\"089db22\" data-element_type=\"container\" data-e-type=\"container\">\n\t\t\t\t<div class=\"elementor-element elementor-element-f6bccb4 elementor-widget__width-initial elementor-widget elementor-widget-heading\" data-id=\"f6bccb4\" data-element_type=\"widget\" data-e-type=\"widget\" data-widget_type=\"heading.default\">\n\t\t\t\t\t<h2 class=\"elementor-heading-title elementor-size-default\">8<\/h2>\t\t\t\t<\/div>\n\t\t<div class=\"elementor-element elementor-element-31e37f9 e-con-full e-flex e-con e-child\" data-id=\"31e37f9\" data-element_type=\"container\" data-e-type=\"container\">\n\t\t\t\t<div class=\"elementor-element elementor-element-b327d8e elementor-widget elementor-widget-heading\" data-id=\"b327d8e\" data-element_type=\"widget\" data-e-type=\"widget\" data-widget_type=\"heading.default\">\n\t\t\t\t\t<h4 class=\"elementor-heading-title elementor-size-default\">Un leadership porteur d\u2019impact et d\u2019empathie<\/h4>\t\t\t\t<\/div>\n\t\t\t\t<div class=\"elementor-element elementor-element-08c5e51 elementor-widget__width-auto elementor-widget elementor-widget-text-editor\" data-id=\"08c5e51\" data-element_type=\"widget\" data-e-type=\"widget\" data-widget_type=\"text-editor.default\">\n\t\t\t\t\t\t\t\t\t<p>Le leadership est dans tout et tout est dans le leadership. Selon vous, qu\u2019est-ce qui d\u00e9finit un leader inspirant dans un monde en perp\u00e9tuelle transformation ?<\/p>\t\t\t\t\t\t\t\t<\/div>\n\t\t\t\t<\/div>\n\t\t\t\t<\/div>\n\t\t\t\t<div class=\"elementor-element elementor-element-4f8c93e elementor-widget elementor-widget-text-editor\" data-id=\"4f8c93e\" data-element_type=\"widget\" data-e-type=\"widget\" data-widget_type=\"text-editor.default\">\n\t\t\t\t\t\t\t\t\t<p>\u00c0 mon sens, les leaders les plus efficaces aujourd\u2019hui allient clart\u00e9 de la vision, authenticit\u00e9 et v\u00e9ritable empathie. Dans un monde en constante \u00e9volution, les collaborateurs recherchent des dirigeants dot\u00e9s d\u2019un sens clair de la mission, capables d\u2019\u00e9couter, de communiquer ouvertement et de donner aux \u00e9quipes les moyens de donner le meilleur d\u2019elles-m\u00eames.<\/p><p>Le contexte actuel exige \u00e9galement des leaders qu\u2019ils sachent g\u00e9rer des \u00e9volutions technologiques rapides \u2014 de l\u2019IA aux nouveaux outils num\u00e9riques \u2014 tout en conciliant le bien-\u00eatre des employ\u00e9s et les attentes changeantes des jeunes g\u00e9n\u00e9rations.<\/p><p>Le leadership ne consiste pas \u00e0 avoir toutes les r\u00e9ponses \u2014 il s\u2019agit de cr\u00e9er les conditions dans lesquelles la confiance et la collaboration peuvent s\u2019\u00e9panouir. L\u2019adaptabilit\u00e9, la curiosit\u00e9 et l\u2019ancrage dans des valeurs solides sont ce qui rend le leadership \u00e0 la fois impactant et durable.<\/p>\t\t\t\t\t\t\t\t<\/div>\n\t\t\t\t\t<\/div>\n\t\t\t\t<\/div>\n\t\t\t\t<\/div>","protected":false},"excerpt":{"rendered":"<p>1 Estrategia en una \u00e9poca de incertidumbre Los mercados financieros atraviesan un periodo de incertidumbre, entre tensiones geopol\u00edticas, inflaci\u00f3n persistente y pol\u00edticas monetarias restrictivas. \u00bfC\u00f3mo est\u00e1 adaptando BlackRock Suisse su estrategia de inversi\u00f3n para apoyar a sus clientes en un entorno tan complejo y cambiante? En un contexto de tensiones geopol\u00edticas, inflaci\u00f3n persistente y [...]<\/p>","protected":false},"author":1,"featured_media":973,"comment_status":"closed","ping_status":"closed","sticky":false,"template":"elementor_theme","format":"standard","meta":{"_acf_changed":false,"pmpro_default_level":"","footnotes":""},"categories":[40,28],"tags":[33],"class_list":["post-971","post","type-post","status-publish","format-standard","has-post-thumbnail","hentry","category-les-plus-apprecies","category-major-interviews-les-grandes-conversations","tag-a-la-une","pmpro-has-access"],"acf":[],"yoast_head":"<!-- This site is optimized with the Yoast SEO plugin v26.8 - https:\/\/yoast.com\/product\/yoast-seo-wordpress\/ -->\n<title>Interview majeure \u2013 Mirjam Staub-Bisang | Swiss Who\u2019s Who<\/title>\n<meta name=\"description\" content=\"Entretien avec Mirjam Staub-Bisang : vision de la finance durable, strat\u00e9gies d\u2019investissement et enjeux \u00e9conomiques \u00e0 long terme.\" \/>\n<meta name=\"robots\" content=\"index, follow, max-snippet:-1, max-image-preview:large, max-video-preview:-1\" \/>\n<link rel=\"canonical\" href=\"https:\/\/swisswhoswho.ch\/es\/entrevistas\/grandes-entrevistas-las-grandes-conversaciones\/entrevista-principal-mirjam-staub-bisang\/\" \/>\n<meta property=\"og:locale\" content=\"es_ES\" \/>\n<meta property=\"og:type\" content=\"article\" \/>\n<meta property=\"og:title\" content=\"Interview majeure \u2013 Mirjam Staub-Bisang | Swiss Who\u2019s Who\" \/>\n<meta property=\"og:description\" content=\"Entretien avec Mirjam Staub-Bisang : vision de la finance durable, strat\u00e9gies d\u2019investissement et enjeux \u00e9conomiques \u00e0 long terme.\" \/>\n<meta property=\"og:url\" content=\"https:\/\/swisswhoswho.ch\/es\/entrevistas\/grandes-entrevistas-las-grandes-conversaciones\/entrevista-principal-mirjam-staub-bisang\/\" \/>\n<meta property=\"og:site_name\" content=\"Swiss Who&#039;s Who\" \/>\n<meta property=\"article:published_time\" content=\"2026-01-07T13:37:16+00:00\" \/>\n<meta property=\"article:modified_time\" content=\"2026-04-14T13:25:04+00:00\" \/>\n<meta property=\"og:image\" content=\"https:\/\/swisswhoswho.ch\/wp-content\/uploads\/2026\/01\/Mirjam-Staub-Bisang-Post.png\" \/>\n\t<meta property=\"og:image:width\" content=\"381\" \/>\n\t<meta property=\"og:image:height\" content=\"283\" \/>\n\t<meta property=\"og:image:type\" content=\"image\/png\" \/>\n<meta name=\"author\" content=\"H\u00e9din J\u00e9r\u00e9my\" \/>\n<meta name=\"twitter:card\" content=\"summary_large_image\" \/>\n<meta name=\"twitter:label1\" content=\"Escrito por\" \/>\n\t<meta name=\"twitter:data1\" content=\"H\u00e9din J\u00e9r\u00e9my\" \/>\n\t<meta name=\"twitter:label2\" content=\"Tiempo de lectura\" \/>\n\t<meta name=\"twitter:data2\" content=\"10 minutos\" \/>\n<script type=\"application\/ld+json\" class=\"yoast-schema-graph\">{\"@context\":\"https:\/\/schema.org\",\"@graph\":[{\"@type\":\"Article\",\"@id\":\"https:\/\/swisswhoswho.ch\/interviews\/major-interviews-les-grandes-conversations\/major-interview-mirjam-staub-bisang\/#article\",\"isPartOf\":{\"@id\":\"https:\/\/swisswhoswho.ch\/interviews\/major-interviews-les-grandes-conversations\/major-interview-mirjam-staub-bisang\/\"},\"author\":{\"name\":\"H\u00e9din J\u00e9r\u00e9my\",\"@id\":\"https:\/\/swisswhoswho.ch\/#\/schema\/person\/a46bd25d558bfb1afce78e6d76be26e2\"},\"headline\":\"Major Interview &#8211; Mirjam Staub-Bisang\",\"datePublished\":\"2026-01-07T13:37:16+00:00\",\"dateModified\":\"2026-04-14T13:25:04+00:00\",\"mainEntityOfPage\":{\"@id\":\"https:\/\/swisswhoswho.ch\/interviews\/major-interviews-les-grandes-conversations\/major-interview-mirjam-staub-bisang\/\"},\"wordCount\":2136,\"publisher\":{\"@id\":\"https:\/\/swisswhoswho.ch\/#organization\"},\"image\":{\"@id\":\"https:\/\/swisswhoswho.ch\/interviews\/major-interviews-les-grandes-conversations\/major-interview-mirjam-staub-bisang\/#primaryimage\"},\"thumbnailUrl\":\"https:\/\/swisswhoswho.ch\/wp-content\/uploads\/2026\/01\/Mirjam-Staub-Bisang-Post.png\",\"keywords\":[\"\u00c0 la une\"],\"articleSection\":[\"Les plus appr\u00e9ci\u00e9s\",\"Major Interviews \u2013 Les grandes conversations\"],\"inLanguage\":\"es\"},{\"@type\":\"WebPage\",\"@id\":\"https:\/\/swisswhoswho.ch\/interviews\/major-interviews-les-grandes-conversations\/major-interview-mirjam-staub-bisang\/\",\"url\":\"https:\/\/swisswhoswho.ch\/interviews\/major-interviews-les-grandes-conversations\/major-interview-mirjam-staub-bisang\/\",\"name\":\"Interview majeure \u2013 Mirjam Staub-Bisang | Swiss Who\u2019s Who\",\"isPartOf\":{\"@id\":\"https:\/\/swisswhoswho.ch\/#website\"},\"primaryImageOfPage\":{\"@id\":\"https:\/\/swisswhoswho.ch\/interviews\/major-interviews-les-grandes-conversations\/major-interview-mirjam-staub-bisang\/#primaryimage\"},\"image\":{\"@id\":\"https:\/\/swisswhoswho.ch\/interviews\/major-interviews-les-grandes-conversations\/major-interview-mirjam-staub-bisang\/#primaryimage\"},\"thumbnailUrl\":\"https:\/\/swisswhoswho.ch\/wp-content\/uploads\/2026\/01\/Mirjam-Staub-Bisang-Post.png\",\"datePublished\":\"2026-01-07T13:37:16+00:00\",\"dateModified\":\"2026-04-14T13:25:04+00:00\",\"description\":\"Entretien avec Mirjam Staub-Bisang : vision de la finance durable, strat\u00e9gies d\u2019investissement et enjeux \u00e9conomiques \u00e0 long terme.\",\"breadcrumb\":{\"@id\":\"https:\/\/swisswhoswho.ch\/interviews\/major-interviews-les-grandes-conversations\/major-interview-mirjam-staub-bisang\/#breadcrumb\"},\"inLanguage\":\"es\",\"potentialAction\":[{\"@type\":\"ReadAction\",\"target\":[\"https:\/\/swisswhoswho.ch\/interviews\/major-interviews-les-grandes-conversations\/major-interview-mirjam-staub-bisang\/\"]}]},{\"@type\":\"ImageObject\",\"inLanguage\":\"es\",\"@id\":\"https:\/\/swisswhoswho.ch\/interviews\/major-interviews-les-grandes-conversations\/major-interview-mirjam-staub-bisang\/#primaryimage\",\"url\":\"https:\/\/swisswhoswho.ch\/wp-content\/uploads\/2026\/01\/Mirjam-Staub-Bisang-Post.png\",\"contentUrl\":\"https:\/\/swisswhoswho.ch\/wp-content\/uploads\/2026\/01\/Mirjam-Staub-Bisang-Post.png\",\"width\":381,\"height\":283},{\"@type\":\"BreadcrumbList\",\"@id\":\"https:\/\/swisswhoswho.ch\/interviews\/major-interviews-les-grandes-conversations\/major-interview-mirjam-staub-bisang\/#breadcrumb\",\"itemListElement\":[{\"@type\":\"ListItem\",\"position\":1,\"name\":\"Accueil\",\"item\":\"https:\/\/swisswhoswho.ch\/\"},{\"@type\":\"ListItem\",\"position\":2,\"name\":\"Major Interview &#8211; Mirjam Staub-Bisang\"}]},{\"@type\":\"WebSite\",\"@id\":\"https:\/\/swisswhoswho.ch\/#website\",\"url\":\"https:\/\/swisswhoswho.ch\/\",\"name\":\"Swiss Who's Who\",\"description\":\"\",\"publisher\":{\"@id\":\"https:\/\/swisswhoswho.ch\/#organization\"},\"potentialAction\":[{\"@type\":\"SearchAction\",\"target\":{\"@type\":\"EntryPoint\",\"urlTemplate\":\"https:\/\/swisswhoswho.ch\/?s={search_term_string}\"},\"query-input\":{\"@type\":\"PropertyValueSpecification\",\"valueRequired\":true,\"valueName\":\"search_term_string\"}}],\"inLanguage\":\"es\"},{\"@type\":\"Organization\",\"@id\":\"https:\/\/swisswhoswho.ch\/#organization\",\"name\":\"Swiss Who's Who\",\"url\":\"https:\/\/swisswhoswho.ch\/\",\"logo\":{\"@type\":\"ImageObject\",\"inLanguage\":\"es\",\"@id\":\"https:\/\/swisswhoswho.ch\/#\/schema\/logo\/image\/\",\"url\":\"https:\/\/swisswhoswho.ch\/wp-content\/uploads\/2025\/11\/Logo-SWW.png\",\"contentUrl\":\"https:\/\/swisswhoswho.ch\/wp-content\/uploads\/2025\/11\/Logo-SWW.png\",\"width\":107,\"height\":62,\"caption\":\"Swiss Who's Who\"},\"image\":{\"@id\":\"https:\/\/swisswhoswho.ch\/#\/schema\/logo\/image\/\"}},{\"@type\":\"Person\",\"@id\":\"https:\/\/swisswhoswho.ch\/#\/schema\/person\/a46bd25d558bfb1afce78e6d76be26e2\",\"name\":\"H\u00e9din J\u00e9r\u00e9my\",\"sameAs\":[\"https:\/\/swisswhoswho.ch\"],\"url\":\"https:\/\/swisswhoswho.ch\/es\/author\/devsoo-oo-ch\/\"}]}<\/script>\n<!-- \/ Yoast SEO plugin. -->","yoast_head_json":{"title":"Entrevista principal - Mirjam Staub-Bisang | Qui\u00e9n es qui\u00e9n en Suiza","description":"Entrevista con Mirjam Staub-Bisang: visi\u00f3n de las finanzas sostenibles, estrategias de inversi\u00f3n y cuestiones econ\u00f3micas a largo plazo.","robots":{"index":"index","follow":"follow","max-snippet":"max-snippet:-1","max-image-preview":"max-image-preview:large","max-video-preview":"max-video-preview:-1"},"canonical":"https:\/\/swisswhoswho.ch\/es\/entrevistas\/grandes-entrevistas-las-grandes-conversaciones\/entrevista-principal-mirjam-staub-bisang\/","og_locale":"es_ES","og_type":"article","og_title":"Interview majeure \u2013 Mirjam Staub-Bisang | Swiss Who\u2019s Who","og_description":"Entretien avec Mirjam Staub-Bisang : vision de la finance durable, strat\u00e9gies d\u2019investissement et enjeux \u00e9conomiques \u00e0 long terme.","og_url":"https:\/\/swisswhoswho.ch\/es\/entrevistas\/grandes-entrevistas-las-grandes-conversaciones\/entrevista-principal-mirjam-staub-bisang\/","og_site_name":"Swiss Who&#039;s Who","article_published_time":"2026-01-07T13:37:16+00:00","article_modified_time":"2026-04-14T13:25:04+00:00","og_image":[{"width":381,"height":283,"url":"https:\/\/swisswhoswho.ch\/wp-content\/uploads\/2026\/01\/Mirjam-Staub-Bisang-Post.png","type":"image\/png"}],"author":"H\u00e9din J\u00e9r\u00e9my","twitter_card":"summary_large_image","twitter_misc":{"Escrito por":"H\u00e9din J\u00e9r\u00e9my","Tiempo de lectura":"10 minutos"},"schema":{"@context":"https:\/\/schema.org","@graph":[{"@type":"Article","@id":"https:\/\/swisswhoswho.ch\/interviews\/major-interviews-les-grandes-conversations\/major-interview-mirjam-staub-bisang\/#article","isPartOf":{"@id":"https:\/\/swisswhoswho.ch\/interviews\/major-interviews-les-grandes-conversations\/major-interview-mirjam-staub-bisang\/"},"author":{"name":"H\u00e9din J\u00e9r\u00e9my","@id":"https:\/\/swisswhoswho.ch\/#\/schema\/person\/a46bd25d558bfb1afce78e6d76be26e2"},"headline":"Major Interview &#8211; Mirjam Staub-Bisang","datePublished":"2026-01-07T13:37:16+00:00","dateModified":"2026-04-14T13:25:04+00:00","mainEntityOfPage":{"@id":"https:\/\/swisswhoswho.ch\/interviews\/major-interviews-les-grandes-conversations\/major-interview-mirjam-staub-bisang\/"},"wordCount":2136,"publisher":{"@id":"https:\/\/swisswhoswho.ch\/#organization"},"image":{"@id":"https:\/\/swisswhoswho.ch\/interviews\/major-interviews-les-grandes-conversations\/major-interview-mirjam-staub-bisang\/#primaryimage"},"thumbnailUrl":"https:\/\/swisswhoswho.ch\/wp-content\/uploads\/2026\/01\/Mirjam-Staub-Bisang-Post.png","keywords":["\u00c0 la une"],"articleSection":["Les plus appr\u00e9ci\u00e9s","Major Interviews \u2013 Les grandes conversations"],"inLanguage":"es"},{"@type":"WebPage","@id":"https:\/\/swisswhoswho.ch\/interviews\/major-interviews-les-grandes-conversations\/major-interview-mirjam-staub-bisang\/","url":"https:\/\/swisswhoswho.ch\/interviews\/major-interviews-les-grandes-conversations\/major-interview-mirjam-staub-bisang\/","name":"Entrevista principal - Mirjam Staub-Bisang | Qui\u00e9n es qui\u00e9n en Suiza","isPartOf":{"@id":"https:\/\/swisswhoswho.ch\/#website"},"primaryImageOfPage":{"@id":"https:\/\/swisswhoswho.ch\/interviews\/major-interviews-les-grandes-conversations\/major-interview-mirjam-staub-bisang\/#primaryimage"},"image":{"@id":"https:\/\/swisswhoswho.ch\/interviews\/major-interviews-les-grandes-conversations\/major-interview-mirjam-staub-bisang\/#primaryimage"},"thumbnailUrl":"https:\/\/swisswhoswho.ch\/wp-content\/uploads\/2026\/01\/Mirjam-Staub-Bisang-Post.png","datePublished":"2026-01-07T13:37:16+00:00","dateModified":"2026-04-14T13:25:04+00:00","description":"Entrevista con Mirjam Staub-Bisang: visi\u00f3n de las finanzas sostenibles, estrategias de inversi\u00f3n y cuestiones econ\u00f3micas a largo plazo.","breadcrumb":{"@id":"https:\/\/swisswhoswho.ch\/interviews\/major-interviews-les-grandes-conversations\/major-interview-mirjam-staub-bisang\/#breadcrumb"},"inLanguage":"es","potentialAction":[{"@type":"ReadAction","target":["https:\/\/swisswhoswho.ch\/interviews\/major-interviews-les-grandes-conversations\/major-interview-mirjam-staub-bisang\/"]}]},{"@type":"ImageObject","inLanguage":"es","@id":"https:\/\/swisswhoswho.ch\/interviews\/major-interviews-les-grandes-conversations\/major-interview-mirjam-staub-bisang\/#primaryimage","url":"https:\/\/swisswhoswho.ch\/wp-content\/uploads\/2026\/01\/Mirjam-Staub-Bisang-Post.png","contentUrl":"https:\/\/swisswhoswho.ch\/wp-content\/uploads\/2026\/01\/Mirjam-Staub-Bisang-Post.png","width":381,"height":283},{"@type":"BreadcrumbList","@id":"https:\/\/swisswhoswho.ch\/interviews\/major-interviews-les-grandes-conversations\/major-interview-mirjam-staub-bisang\/#breadcrumb","itemListElement":[{"@type":"ListItem","position":1,"name":"Accueil","item":"https:\/\/swisswhoswho.ch\/"},{"@type":"ListItem","position":2,"name":"Major Interview &#8211; Mirjam Staub-Bisang"}]},{"@type":"WebSite","@id":"https:\/\/swisswhoswho.ch\/#website","url":"https:\/\/swisswhoswho.ch\/","name":"Qui\u00e9n es qui\u00e9n en Suiza","description":"","publisher":{"@id":"https:\/\/swisswhoswho.ch\/#organization"},"potentialAction":[{"@type":"SearchAction","target":{"@type":"EntryPoint","urlTemplate":"https:\/\/swisswhoswho.ch\/?s={search_term_string}"},"query-input":{"@type":"PropertyValueSpecification","valueRequired":true,"valueName":"search_term_string"}}],"inLanguage":"es"},{"@type":"Organization","@id":"https:\/\/swisswhoswho.ch\/#organization","name":"Qui\u00e9n es qui\u00e9n en Suiza","url":"https:\/\/swisswhoswho.ch\/","logo":{"@type":"ImageObject","inLanguage":"es","@id":"https:\/\/swisswhoswho.ch\/#\/schema\/logo\/image\/","url":"https:\/\/swisswhoswho.ch\/wp-content\/uploads\/2025\/11\/Logo-SWW.png","contentUrl":"https:\/\/swisswhoswho.ch\/wp-content\/uploads\/2025\/11\/Logo-SWW.png","width":107,"height":62,"caption":"Swiss Who's Who"},"image":{"@id":"https:\/\/swisswhoswho.ch\/#\/schema\/logo\/image\/"}},{"@type":"Person","@id":"https:\/\/swisswhoswho.ch\/#\/schema\/person\/a46bd25d558bfb1afce78e6d76be26e2","name":"H\u00e9din J\u00e9r\u00e9my","sameAs":["https:\/\/swisswhoswho.ch"],"url":"https:\/\/swisswhoswho.ch\/es\/author\/devsoo-oo-ch\/"}]}},"_links":{"self":[{"href":"https:\/\/swisswhoswho.ch\/es\/wp-json\/wp\/v2\/posts\/971","targetHints":{"allow":["GET"]}}],"collection":[{"href":"https:\/\/swisswhoswho.ch\/es\/wp-json\/wp\/v2\/posts"}],"about":[{"href":"https:\/\/swisswhoswho.ch\/es\/wp-json\/wp\/v2\/types\/post"}],"author":[{"embeddable":true,"href":"https:\/\/swisswhoswho.ch\/es\/wp-json\/wp\/v2\/users\/1"}],"replies":[{"embeddable":true,"href":"https:\/\/swisswhoswho.ch\/es\/wp-json\/wp\/v2\/comments?post=971"}],"version-history":[{"count":18,"href":"https:\/\/swisswhoswho.ch\/es\/wp-json\/wp\/v2\/posts\/971\/revisions"}],"predecessor-version":[{"id":1436,"href":"https:\/\/swisswhoswho.ch\/es\/wp-json\/wp\/v2\/posts\/971\/revisions\/1436"}],"wp:featuredmedia":[{"embeddable":true,"href":"https:\/\/swisswhoswho.ch\/es\/wp-json\/wp\/v2\/media\/973"}],"wp:attachment":[{"href":"https:\/\/swisswhoswho.ch\/es\/wp-json\/wp\/v2\/media?parent=971"}],"wp:term":[{"taxonomy":"category","embeddable":true,"href":"https:\/\/swisswhoswho.ch\/es\/wp-json\/wp\/v2\/categories?post=971"},{"taxonomy":"post_tag","embeddable":true,"href":"https:\/\/swisswhoswho.ch\/es\/wp-json\/wp\/v2\/tags?post=971"}],"curies":[{"name":"wp","href":"https:\/\/api.w.org\/{rel}","templated":true}]}}