{"id":1636,"date":"2026-03-05T11:19:52","date_gmt":"2026-03-05T10:19:52","guid":{"rendered":"https:\/\/swisswhoswho.ch\/?p=1636"},"modified":"2026-04-14T15:23:23","modified_gmt":"2026-04-14T13:23:23","slug":"pierre-bi-imprenditore-e-innovatore","status":"publish","type":"post","link":"https:\/\/swisswhoswho.ch\/it\/interviste\/3-domande-a-paroles-dinspiration\/pierre-bi-imprenditore-e-innovatore\/","title":{"rendered":"Pierre Bi, imprenditore e innovatore"},"content":{"rendered":"<p>Membro dello Swiss Who's Who dal 2023, Pierre Bi \u00e8 un imprenditore svizzero attivo nelle tecnologie sostenibili e nell'innovazione energetica. Fondatore e CEO di Enshift, sviluppa soluzioni climatiche basate sull'intelligenza artificiale per supportare la decarbonizzazione dei portafogli immobiliari.<\/p>\n\n\n\n<p><\/p>","protected":false},"excerpt":{"rendered":"<p>Membro dello Swiss Who's Who dal 2023, Pierre Bi \u00e8 un imprenditore svizzero attivo nelle tecnologie sostenibili e nell'innovazione energetica. Fondatore e CEO di Enshift, sviluppa soluzioni climatiche basate sull'intelligenza artificiale per supportare la decarbonizzazione dei portafogli immobiliari.<\/p>","protected":false},"author":1,"featured_media":1645,"comment_status":"closed","ping_status":"closed","sticky":false,"template":"","format":"standard","meta":{"_acf_changed":false,"pmpro_default_level":"","footnotes":""},"categories":[29],"tags":[33],"class_list":["post-1636","post","type-post","status-publish","format-standard","has-post-thumbnail","hentry","category-3-questions-to-paroles-dinspiration","tag-a-la-une","pmpro-has-access"],"acf":[],"yoast_head":"<!-- This site is optimized with the Yoast SEO plugin v26.8 - https:\/\/yoast.com\/product\/yoast-seo-wordpress\/ -->\n<title>Pierre Bi, entrepreneur et innovateur | Swiss Who\u2019s Who<\/title>\n<meta name=\"description\" content=\"D\u00e9couvrez Pierre Bi, entrepreneur et innovateur : son parcours, ses projets et sa vision du d\u00e9veloppement et de l\u2019innovation.\" \/>\n<meta name=\"robots\" content=\"index, follow, max-snippet:-1, max-image-preview:large, max-video-preview:-1\" \/>\n<link rel=\"canonical\" href=\"https:\/\/swisswhoswho.ch\/it\/interviste\/3-domande-a-paroles-dinspiration\/pierre-bi-imprenditore-e-innovatore\/\" \/>\n<meta property=\"og:locale\" content=\"it_IT\" \/>\n<meta property=\"og:type\" content=\"article\" \/>\n<meta property=\"og:title\" content=\"Pierre Bi, entrepreneur et innovateur | Swiss Who\u2019s Who\" \/>\n<meta property=\"og:description\" content=\"D\u00e9couvrez Pierre Bi, entrepreneur et innovateur : son parcours, ses projets et sa vision du d\u00e9veloppement et de l\u2019innovation.\" \/>\n<meta property=\"og:url\" content=\"https:\/\/swisswhoswho.ch\/it\/interviste\/3-domande-a-paroles-dinspiration\/pierre-bi-imprenditore-e-innovatore\/\" \/>\n<meta property=\"og:site_name\" content=\"Swiss Who&#039;s Who\" \/>\n<meta property=\"article:published_time\" content=\"2026-03-05T10:19:52+00:00\" \/>\n<meta property=\"article:modified_time\" content=\"2026-04-14T13:23:23+00:00\" \/>\n<meta property=\"og:image\" content=\"https:\/\/swisswhoswho.ch\/wp-content\/uploads\/2026\/03\/Pierre-Bi-Interview-vignette-swisswhoswho.png\" \/>\n\t<meta property=\"og:image:width\" content=\"1024\" \/>\n\t<meta property=\"og:image:height\" content=\"768\" \/>\n\t<meta property=\"og:image:type\" content=\"image\/png\" \/>\n<meta name=\"author\" content=\"H\u00e9din J\u00e9r\u00e9my\" \/>\n<meta name=\"twitter:card\" content=\"summary_large_image\" \/>\n<meta name=\"twitter:label1\" content=\"Scritto da\" \/>\n\t<meta name=\"twitter:data1\" content=\"H\u00e9din J\u00e9r\u00e9my\" \/>\n\t<meta name=\"twitter:label2\" content=\"Tempo di lettura stimato\" \/>\n\t<meta name=\"twitter:data2\" content=\"1 minuto\" \/>\n<script type=\"application\/ld+json\" class=\"yoast-schema-graph\">{\"@context\":\"https:\/\/schema.org\",\"@graph\":[{\"@type\":\"Article\",\"@id\":\"https:\/\/swisswhoswho.ch\/interviews\/3-questions-to-paroles-dinspiration\/pierre-bi-entrepreneur-et-innovateur\/#article\",\"isPartOf\":{\"@id\":\"https:\/\/swisswhoswho.ch\/interviews\/3-questions-to-paroles-dinspiration\/pierre-bi-entrepreneur-et-innovateur\/\"},\"author\":{\"name\":\"H\u00e9din J\u00e9r\u00e9my\",\"@id\":\"https:\/\/swisswhoswho.ch\/#\/schema\/person\/a46bd25d558bfb1afce78e6d76be26e2\"},\"headline\":\"Pierre Bi, entrepreneur et innovateur\",\"datePublished\":\"2026-03-05T10:19:52+00:00\",\"dateModified\":\"2026-04-14T13:23:23+00:00\",\"mainEntityOfPage\":{\"@id\":\"https:\/\/swisswhoswho.ch\/interviews\/3-questions-to-paroles-dinspiration\/pierre-bi-entrepreneur-et-innovateur\/\"},\"wordCount\":53,\"publisher\":{\"@id\":\"https:\/\/swisswhoswho.ch\/#organization\"},\"image\":{\"@id\":\"https:\/\/swisswhoswho.ch\/interviews\/3-questions-to-paroles-dinspiration\/pierre-bi-entrepreneur-et-innovateur\/#primaryimage\"},\"thumbnailUrl\":\"https:\/\/swisswhoswho.ch\/wp-content\/uploads\/2026\/03\/Pierre-Bi-Interview-vignette-swisswhoswho.png\",\"keywords\":[\"\u00c0 la une\"],\"articleSection\":[\"3 Questions To\u2026 \u2013 Paroles d\u2019inspiration\"],\"inLanguage\":\"it-IT\"},{\"@type\":\"WebPage\",\"@id\":\"https:\/\/swisswhoswho.ch\/interviews\/3-questions-to-paroles-dinspiration\/pierre-bi-entrepreneur-et-innovateur\/\",\"url\":\"https:\/\/swisswhoswho.ch\/interviews\/3-questions-to-paroles-dinspiration\/pierre-bi-entrepreneur-et-innovateur\/\",\"name\":\"Pierre Bi, entrepreneur et innovateur | Swiss Who\u2019s Who\",\"isPartOf\":{\"@id\":\"https:\/\/swisswhoswho.ch\/#website\"},\"primaryImageOfPage\":{\"@id\":\"https:\/\/swisswhoswho.ch\/interviews\/3-questions-to-paroles-dinspiration\/pierre-bi-entrepreneur-et-innovateur\/#primaryimage\"},\"image\":{\"@id\":\"https:\/\/swisswhoswho.ch\/interviews\/3-questions-to-paroles-dinspiration\/pierre-bi-entrepreneur-et-innovateur\/#primaryimage\"},\"thumbnailUrl\":\"https:\/\/swisswhoswho.ch\/wp-content\/uploads\/2026\/03\/Pierre-Bi-Interview-vignette-swisswhoswho.png\",\"datePublished\":\"2026-03-05T10:19:52+00:00\",\"dateModified\":\"2026-04-14T13:23:23+00:00\",\"description\":\"D\u00e9couvrez Pierre Bi, entrepreneur et innovateur : son parcours, ses projets et sa vision du d\u00e9veloppement et de l\u2019innovation.\",\"breadcrumb\":{\"@id\":\"https:\/\/swisswhoswho.ch\/interviews\/3-questions-to-paroles-dinspiration\/pierre-bi-entrepreneur-et-innovateur\/#breadcrumb\"},\"inLanguage\":\"it-IT\",\"potentialAction\":[{\"@type\":\"ReadAction\",\"target\":[\"https:\/\/swisswhoswho.ch\/interviews\/3-questions-to-paroles-dinspiration\/pierre-bi-entrepreneur-et-innovateur\/\"]}]},{\"@type\":\"ImageObject\",\"inLanguage\":\"it-IT\",\"@id\":\"https:\/\/swisswhoswho.ch\/interviews\/3-questions-to-paroles-dinspiration\/pierre-bi-entrepreneur-et-innovateur\/#primaryimage\",\"url\":\"https:\/\/swisswhoswho.ch\/wp-content\/uploads\/2026\/03\/Pierre-Bi-Interview-vignette-swisswhoswho.png\",\"contentUrl\":\"https:\/\/swisswhoswho.ch\/wp-content\/uploads\/2026\/03\/Pierre-Bi-Interview-vignette-swisswhoswho.png\",\"width\":1024,\"height\":768},{\"@type\":\"BreadcrumbList\",\"@id\":\"https:\/\/swisswhoswho.ch\/interviews\/3-questions-to-paroles-dinspiration\/pierre-bi-entrepreneur-et-innovateur\/#breadcrumb\",\"itemListElement\":[{\"@type\":\"ListItem\",\"position\":1,\"name\":\"Accueil\",\"item\":\"https:\/\/swisswhoswho.ch\/\"},{\"@type\":\"ListItem\",\"position\":2,\"name\":\"Pierre Bi, entrepreneur et innovateur\"}]},{\"@type\":\"WebSite\",\"@id\":\"https:\/\/swisswhoswho.ch\/#website\",\"url\":\"https:\/\/swisswhoswho.ch\/\",\"name\":\"Swiss Who's Who\",\"description\":\"\",\"publisher\":{\"@id\":\"https:\/\/swisswhoswho.ch\/#organization\"},\"potentialAction\":[{\"@type\":\"SearchAction\",\"target\":{\"@type\":\"EntryPoint\",\"urlTemplate\":\"https:\/\/swisswhoswho.ch\/?s={search_term_string}\"},\"query-input\":{\"@type\":\"PropertyValueSpecification\",\"valueRequired\":true,\"valueName\":\"search_term_string\"}}],\"inLanguage\":\"it-IT\"},{\"@type\":\"Organization\",\"@id\":\"https:\/\/swisswhoswho.ch\/#organization\",\"name\":\"Swiss Who's Who\",\"url\":\"https:\/\/swisswhoswho.ch\/\",\"logo\":{\"@type\":\"ImageObject\",\"inLanguage\":\"it-IT\",\"@id\":\"https:\/\/swisswhoswho.ch\/#\/schema\/logo\/image\/\",\"url\":\"https:\/\/swisswhoswho.ch\/wp-content\/uploads\/2025\/11\/Logo-SWW.png\",\"contentUrl\":\"https:\/\/swisswhoswho.ch\/wp-content\/uploads\/2025\/11\/Logo-SWW.png\",\"width\":107,\"height\":62,\"caption\":\"Swiss Who's Who\"},\"image\":{\"@id\":\"https:\/\/swisswhoswho.ch\/#\/schema\/logo\/image\/\"}},{\"@type\":\"Person\",\"@id\":\"https:\/\/swisswhoswho.ch\/#\/schema\/person\/a46bd25d558bfb1afce78e6d76be26e2\",\"name\":\"H\u00e9din J\u00e9r\u00e9my\",\"sameAs\":[\"https:\/\/swisswhoswho.ch\"],\"url\":\"https:\/\/swisswhoswho.ch\/it\/author\/devsoo-oo-ch\/\"}]}<\/script>\n<!-- \/ Yoast SEO plugin. -->","yoast_head_json":{"title":"Pierre Bi, imprenditore e innovatore | Swiss Who's Who","description":"Scoprite Pierre Bi, imprenditore e innovatore: il suo background, i suoi progetti e la sua visione dello sviluppo e dell'innovazione.","robots":{"index":"index","follow":"follow","max-snippet":"max-snippet:-1","max-image-preview":"max-image-preview:large","max-video-preview":"max-video-preview:-1"},"canonical":"https:\/\/swisswhoswho.ch\/it\/interviste\/3-domande-a-paroles-dinspiration\/pierre-bi-imprenditore-e-innovatore\/","og_locale":"it_IT","og_type":"article","og_title":"Pierre Bi, entrepreneur et innovateur | Swiss Who\u2019s Who","og_description":"D\u00e9couvrez Pierre Bi, entrepreneur et innovateur : son parcours, ses projets et sa vision du d\u00e9veloppement et de l\u2019innovation.","og_url":"https:\/\/swisswhoswho.ch\/it\/interviste\/3-domande-a-paroles-dinspiration\/pierre-bi-imprenditore-e-innovatore\/","og_site_name":"Swiss Who&#039;s Who","article_published_time":"2026-03-05T10:19:52+00:00","article_modified_time":"2026-04-14T13:23:23+00:00","og_image":[{"width":1024,"height":768,"url":"https:\/\/swisswhoswho.ch\/wp-content\/uploads\/2026\/03\/Pierre-Bi-Interview-vignette-swisswhoswho.png","type":"image\/png"}],"author":"H\u00e9din J\u00e9r\u00e9my","twitter_card":"summary_large_image","twitter_misc":{"Scritto da":"H\u00e9din J\u00e9r\u00e9my","Tempo di lettura stimato":"1 minuto"},"schema":{"@context":"https:\/\/schema.org","@graph":[{"@type":"Article","@id":"https:\/\/swisswhoswho.ch\/interviews\/3-questions-to-paroles-dinspiration\/pierre-bi-entrepreneur-et-innovateur\/#article","isPartOf":{"@id":"https:\/\/swisswhoswho.ch\/interviews\/3-questions-to-paroles-dinspiration\/pierre-bi-entrepreneur-et-innovateur\/"},"author":{"name":"H\u00e9din J\u00e9r\u00e9my","@id":"https:\/\/swisswhoswho.ch\/#\/schema\/person\/a46bd25d558bfb1afce78e6d76be26e2"},"headline":"Pierre Bi, entrepreneur et innovateur","datePublished":"2026-03-05T10:19:52+00:00","dateModified":"2026-04-14T13:23:23+00:00","mainEntityOfPage":{"@id":"https:\/\/swisswhoswho.ch\/interviews\/3-questions-to-paroles-dinspiration\/pierre-bi-entrepreneur-et-innovateur\/"},"wordCount":53,"publisher":{"@id":"https:\/\/swisswhoswho.ch\/#organization"},"image":{"@id":"https:\/\/swisswhoswho.ch\/interviews\/3-questions-to-paroles-dinspiration\/pierre-bi-entrepreneur-et-innovateur\/#primaryimage"},"thumbnailUrl":"https:\/\/swisswhoswho.ch\/wp-content\/uploads\/2026\/03\/Pierre-Bi-Interview-vignette-swisswhoswho.png","keywords":["\u00c0 la une"],"articleSection":["3 Questions To\u2026 \u2013 Paroles d\u2019inspiration"],"inLanguage":"it-IT"},{"@type":"WebPage","@id":"https:\/\/swisswhoswho.ch\/interviews\/3-questions-to-paroles-dinspiration\/pierre-bi-entrepreneur-et-innovateur\/","url":"https:\/\/swisswhoswho.ch\/interviews\/3-questions-to-paroles-dinspiration\/pierre-bi-entrepreneur-et-innovateur\/","name":"Pierre Bi, imprenditore e innovatore | Swiss Who's Who","isPartOf":{"@id":"https:\/\/swisswhoswho.ch\/#website"},"primaryImageOfPage":{"@id":"https:\/\/swisswhoswho.ch\/interviews\/3-questions-to-paroles-dinspiration\/pierre-bi-entrepreneur-et-innovateur\/#primaryimage"},"image":{"@id":"https:\/\/swisswhoswho.ch\/interviews\/3-questions-to-paroles-dinspiration\/pierre-bi-entrepreneur-et-innovateur\/#primaryimage"},"thumbnailUrl":"https:\/\/swisswhoswho.ch\/wp-content\/uploads\/2026\/03\/Pierre-Bi-Interview-vignette-swisswhoswho.png","datePublished":"2026-03-05T10:19:52+00:00","dateModified":"2026-04-14T13:23:23+00:00","description":"Scoprite Pierre Bi, imprenditore e innovatore: il suo background, i suoi progetti e la sua visione dello sviluppo e dell'innovazione.","breadcrumb":{"@id":"https:\/\/swisswhoswho.ch\/interviews\/3-questions-to-paroles-dinspiration\/pierre-bi-entrepreneur-et-innovateur\/#breadcrumb"},"inLanguage":"it-IT","potentialAction":[{"@type":"ReadAction","target":["https:\/\/swisswhoswho.ch\/interviews\/3-questions-to-paroles-dinspiration\/pierre-bi-entrepreneur-et-innovateur\/"]}]},{"@type":"ImageObject","inLanguage":"it-IT","@id":"https:\/\/swisswhoswho.ch\/interviews\/3-questions-to-paroles-dinspiration\/pierre-bi-entrepreneur-et-innovateur\/#primaryimage","url":"https:\/\/swisswhoswho.ch\/wp-content\/uploads\/2026\/03\/Pierre-Bi-Interview-vignette-swisswhoswho.png","contentUrl":"https:\/\/swisswhoswho.ch\/wp-content\/uploads\/2026\/03\/Pierre-Bi-Interview-vignette-swisswhoswho.png","width":1024,"height":768},{"@type":"BreadcrumbList","@id":"https:\/\/swisswhoswho.ch\/interviews\/3-questions-to-paroles-dinspiration\/pierre-bi-entrepreneur-et-innovateur\/#breadcrumb","itemListElement":[{"@type":"ListItem","position":1,"name":"Accueil","item":"https:\/\/swisswhoswho.ch\/"},{"@type":"ListItem","position":2,"name":"Pierre Bi, entrepreneur et innovateur"}]},{"@type":"WebSite","@id":"https:\/\/swisswhoswho.ch\/#website","url":"https:\/\/swisswhoswho.ch\/","name":"Who's Who svizzero","description":"","publisher":{"@id":"https:\/\/swisswhoswho.ch\/#organization"},"potentialAction":[{"@type":"SearchAction","target":{"@type":"EntryPoint","urlTemplate":"https:\/\/swisswhoswho.ch\/?s={search_term_string}"},"query-input":{"@type":"PropertyValueSpecification","valueRequired":true,"valueName":"search_term_string"}}],"inLanguage":"it-IT"},{"@type":"Organization","@id":"https:\/\/swisswhoswho.ch\/#organization","name":"Who's Who svizzero","url":"https:\/\/swisswhoswho.ch\/","logo":{"@type":"ImageObject","inLanguage":"it-IT","@id":"https:\/\/swisswhoswho.ch\/#\/schema\/logo\/image\/","url":"https:\/\/swisswhoswho.ch\/wp-content\/uploads\/2025\/11\/Logo-SWW.png","contentUrl":"https:\/\/swisswhoswho.ch\/wp-content\/uploads\/2025\/11\/Logo-SWW.png","width":107,"height":62,"caption":"Swiss Who's Who"},"image":{"@id":"https:\/\/swisswhoswho.ch\/#\/schema\/logo\/image\/"}},{"@type":"Person","@id":"https:\/\/swisswhoswho.ch\/#\/schema\/person\/a46bd25d558bfb1afce78e6d76be26e2","name":"H\u00e9din J\u00e9r\u00e9my","sameAs":["https:\/\/swisswhoswho.ch"],"url":"https:\/\/swisswhoswho.ch\/it\/author\/devsoo-oo-ch\/"}]}},"_links":{"self":[{"href":"https:\/\/swisswhoswho.ch\/it\/wp-json\/wp\/v2\/posts\/1636","targetHints":{"allow":["GET"]}}],"collection":[{"href":"https:\/\/swisswhoswho.ch\/it\/wp-json\/wp\/v2\/posts"}],"about":[{"href":"https:\/\/swisswhoswho.ch\/it\/wp-json\/wp\/v2\/types\/post"}],"author":[{"embeddable":true,"href":"https:\/\/swisswhoswho.ch\/it\/wp-json\/wp\/v2\/users\/1"}],"replies":[{"embeddable":true,"href":"https:\/\/swisswhoswho.ch\/it\/wp-json\/wp\/v2\/comments?post=1636"}],"version-history":[{"count":3,"href":"https:\/\/swisswhoswho.ch\/it\/wp-json\/wp\/v2\/posts\/1636\/revisions"}],"predecessor-version":[{"id":1644,"href":"https:\/\/swisswhoswho.ch\/it\/wp-json\/wp\/v2\/posts\/1636\/revisions\/1644"}],"wp:featuredmedia":[{"embeddable":true,"href":"https:\/\/swisswhoswho.ch\/it\/wp-json\/wp\/v2\/media\/1645"}],"wp:attachment":[{"href":"https:\/\/swisswhoswho.ch\/it\/wp-json\/wp\/v2\/media?parent=1636"}],"wp:term":[{"taxonomy":"category","embeddable":true,"href":"https:\/\/swisswhoswho.ch\/it\/wp-json\/wp\/v2\/categories?post=1636"},{"taxonomy":"post_tag","embeddable":true,"href":"https:\/\/swisswhoswho.ch\/it\/wp-json\/wp\/v2\/tags?post=1636"}],"curies":[{"name":"wp","href":"https:\/\/api.w.org\/{rel}","templated":true}]}}